{"id":1526,"date":"2025-06-10T17:42:35","date_gmt":"2025-06-10T15:42:35","guid":{"rendered":"https:\/\/www.queerlive.de\/?p=1526"},"modified":"2025-06-10T17:42:38","modified_gmt":"2025-06-10T15:42:38","slug":"baltikpride-galerie-2025","status":"publish","type":"post","link":"https:\/\/www.queerlive.de\/?p=1526","title":{"rendered":"BaltikPride Galerie 2025"},"content":{"rendered":"\n\n\n<div class=\"alignnormal\"><div id=\"metaslider-id-1509\" style=\"max-width: 350px;\" class=\"ml-slider-3-108-0 metaslider metaslider-flex metaslider-1509 ml-slider has-onhover-arrows has-dots-nav ms-theme-default-base\" role=\"region\" aria-label=\"BaltikPride Galerie 2025\" data-height=\"250\" data-width=\"350\">\n    <div id=\"metaslider_container_1509\">\n        <div id=\"metaslider_1509\">\n            <ul class='slides'>\n                <li style=\"display: block; width: 100%;\" class=\"slide-1510 ms-image \" aria-roledescription=\"slide\" data-date=\"2025-06-10 17:34:18\" data-filename=\"FB_IMG_1749567724170-1-350x250.avif\" data-slide-type=\"image\"><img loading=\"lazy\" decoding=\"async\" src=\"https:\/\/www.queerlive.de\/wp-content\/uploads\/2025\/06\/FB_IMG_1749567724170-1-350x250.avif\" height=\"250\" width=\"350\" alt=\"\" class=\"slider-1509 slide-1510 msDefaultImage\" title=\"FB_IMG_1749567724170\" \/><\/li>\n                <li style=\"display: none; width: 100%;\" class=\"slide-1511 ms-image \" aria-roledescription=\"slide\" data-date=\"2025-06-10 17:34:34\" data-filename=\"FB_IMG_1749567727822-350x250.avif\" data-slide-type=\"image\"><img loading=\"lazy\" decoding=\"async\" src=\"https:\/\/www.queerlive.de\/wp-content\/uploads\/2025\/06\/FB_IMG_1749567727822-350x250.avif\" height=\"250\" width=\"350\" alt=\"\" class=\"slider-1509 slide-1511 msDefaultImage\" title=\"FB_IMG_1749567727822\" \/><\/li>\n                <li style=\"display: none; width: 100%;\" class=\"slide-1513 ms-image \" aria-roledescription=\"slide\" data-date=\"2025-06-10 17:35:04\" data-filename=\"FB_IMG_1749567732102-350x250.avif\" data-slide-type=\"image\"><img loading=\"lazy\" decoding=\"async\" src=\"https:\/\/www.queerlive.de\/wp-content\/uploads\/2025\/06\/FB_IMG_1749567732102-350x250.avif\" height=\"250\" width=\"350\" alt=\"\" class=\"slider-1509 slide-1513 msDefaultImage\" title=\"FB_IMG_1749567732102\" \/><\/li>\n                <li style=\"display: none; width: 100%;\" class=\"slide-1514 ms-image \" aria-roledescription=\"slide\" data-date=\"2025-06-10 17:35:20\" data-filename=\"FB_IMG_1749567738378-350x250.avif\" data-slide-type=\"image\"><img loading=\"lazy\" decoding=\"async\" src=\"https:\/\/www.queerlive.de\/wp-content\/uploads\/2025\/06\/FB_IMG_1749567738378-350x250.avif\" height=\"250\" width=\"350\" alt=\"\" class=\"slider-1509 slide-1514 msDefaultImage\" title=\"FB_IMG_1749567738378\" \/><\/li>\n                <li style=\"display: none; width: 100%;\" class=\"slide-1515 ms-image \" aria-roledescription=\"slide\" data-date=\"2025-06-10 17:35:25\" data-filename=\"FB_IMG_1749567741076-350x250.avif\" data-slide-type=\"image\"><img loading=\"lazy\" decoding=\"async\" src=\"https:\/\/www.queerlive.de\/wp-content\/uploads\/2025\/06\/FB_IMG_1749567741076-350x250.avif\" height=\"250\" width=\"350\" alt=\"\" class=\"slider-1509 slide-1515 msDefaultImage\" title=\"FB_IMG_1749567741076\" \/><\/li>\n                <li style=\"display: none; width: 100%;\" class=\"slide-1516 ms-image \" aria-roledescription=\"slide\" data-date=\"2025-06-10 17:35:37\" data-filename=\"FB_IMG_1749567744170-350x250.avif\" data-slide-type=\"image\"><img loading=\"lazy\" decoding=\"async\" src=\"https:\/\/www.queerlive.de\/wp-content\/uploads\/2025\/06\/FB_IMG_1749567744170-350x250.avif\" height=\"250\" width=\"350\" alt=\"\" class=\"slider-1509 slide-1516 msDefaultImage\" title=\"FB_IMG_1749567744170\" \/><\/li>\n                <li style=\"display: none; width: 100%;\" class=\"slide-1517 ms-image \" aria-roledescription=\"slide\" data-date=\"2025-06-10 17:35:50\" data-filename=\"FB_IMG_1749567747090-350x250.avif\" data-slide-type=\"image\"><img loading=\"lazy\" decoding=\"async\" src=\"https:\/\/www.queerlive.de\/wp-content\/uploads\/2025\/06\/FB_IMG_1749567747090-350x250.avif\" height=\"250\" width=\"350\" alt=\"\" class=\"slider-1509 slide-1517 msDefaultImage\" title=\"FB_IMG_1749567747090\" \/><\/li>\n                <li style=\"display: none; width: 100%;\" class=\"slide-1518 ms-image \" aria-roledescription=\"slide\" data-date=\"2025-06-10 17:35:56\" data-filename=\"FB_IMG_1749567750387-350x250.avif\" data-slide-type=\"image\"><img loading=\"lazy\" decoding=\"async\" src=\"https:\/\/www.queerlive.de\/wp-content\/uploads\/2025\/06\/FB_IMG_1749567750387-350x250.avif\" height=\"250\" width=\"350\" alt=\"\" class=\"slider-1509 slide-1518 msDefaultImage\" title=\"FB_IMG_1749567750387\" \/><\/li>\n                <li style=\"display: none; width: 100%;\" class=\"slide-1519 ms-image \" aria-roledescription=\"slide\" data-date=\"2025-06-10 17:36:08\" data-filename=\"FB_IMG_1749567754799-350x250.avif\" data-slide-type=\"image\"><img loading=\"lazy\" decoding=\"async\" src=\"https:\/\/www.queerlive.de\/wp-content\/uploads\/2025\/06\/FB_IMG_1749567754799-350x250.avif\" height=\"250\" width=\"350\" alt=\"\" class=\"slider-1509 slide-1519 msDefaultImage\" title=\"FB_IMG_1749567754799\" \/><\/li>\n                <li style=\"display: none; width: 100%;\" class=\"slide-1520 ms-image \" aria-roledescription=\"slide\" data-date=\"2025-06-10 17:36:15\" data-filename=\"FB_IMG_1749567757653-350x250.avif\" data-slide-type=\"image\"><img loading=\"lazy\" decoding=\"async\" src=\"https:\/\/www.queerlive.de\/wp-content\/uploads\/2025\/06\/FB_IMG_1749567757653-350x250.avif\" height=\"250\" width=\"350\" alt=\"\" class=\"slider-1509 slide-1520 msDefaultImage\" title=\"FB_IMG_1749567757653\" \/><\/li>\n                <li style=\"display: none; width: 100%;\" class=\"slide-1521 ms-image \" aria-roledescription=\"slide\" data-date=\"2025-06-10 17:36:23\" data-filename=\"FB_IMG_1749567760349-350x250.avif\" data-slide-type=\"image\"><img loading=\"lazy\" decoding=\"async\" src=\"https:\/\/www.queerlive.de\/wp-content\/uploads\/2025\/06\/FB_IMG_1749567760349-350x250.avif\" height=\"250\" width=\"350\" alt=\"\" class=\"slider-1509 slide-1521 msDefaultImage\" title=\"FB_IMG_1749567760349\" \/><\/li>\n                <li style=\"display: none; width: 100%;\" class=\"slide-1522 ms-image \" aria-roledescription=\"slide\" data-date=\"2025-06-10 17:36:27\" data-filename=\"FB_IMG_1749567762871-350x250.avif\" data-slide-type=\"image\"><img loading=\"lazy\" decoding=\"async\" src=\"https:\/\/www.queerlive.de\/wp-content\/uploads\/2025\/06\/FB_IMG_1749567762871-350x250.avif\" height=\"250\" width=\"350\" alt=\"\" class=\"slider-1509 slide-1522 msDefaultImage\" title=\"FB_IMG_1749567762871\" \/><\/li>\n                <li style=\"display: none; width: 100%;\" class=\"slide-1524 ms-image \" aria-roledescription=\"slide\" data-date=\"2025-06-10 17:37:14\" data-filename=\"FB_IMG_1749567714137-350x250.avif\" data-slide-type=\"image\"><img loading=\"lazy\" decoding=\"async\" src=\"https:\/\/www.queerlive.de\/wp-content\/uploads\/2025\/06\/FB_IMG_1749567714137-350x250.avif\" height=\"250\" width=\"350\" alt=\"\" class=\"slider-1509 slide-1524 msDefaultImage\" title=\"FB_IMG_1749567714137\" \/><\/li>\n                <li style=\"display: none; width: 100%;\" class=\"slide-1525 ms-image \" aria-roledescription=\"slide\" data-date=\"2025-06-10 17:37:20\" data-filename=\"FB_IMG_1749567735156-350x250.avif\" data-slide-type=\"image\"><img loading=\"lazy\" decoding=\"async\" src=\"https:\/\/www.queerlive.de\/wp-content\/uploads\/2025\/06\/FB_IMG_1749567735156-350x250.avif\" height=\"250\" width=\"350\" alt=\"\" class=\"slider-1509 slide-1525 msDefaultImage\" title=\"FB_IMG_1749567735156\" \/><\/li>\n            <\/ul>\n        <\/div>\n        \n    <\/div>\n<\/div><\/div>\n\n\n\n<p>Vilnius: Eine Woche der Vielfalt und Freiheit unter dem Motto \u201eFree to Be (Yourself)\u201c<\/p>\n\n\n\n<p>Ein H\u00f6rer war vor Ort und hat Fotos geschickt, die wir euch nat\u00fcrlich zeigen m\u00f6chten.<\/p>\n\n\n\n<p>Vom 2. bis 8. Juni 2025 fand in Vilnius der Baltic Pride statt \u2013 ein buntes und kraftvolles Festival, das die LGBTQ+-Community und ihre Unterst\u00fctzer:innen eine ganze Woche lang zusammenbrachte. Unter dem Motto \u201eFree to Be (Yourself)\u201c feierten tausende Menschen Liebe, Vielfalt und Akzeptanz in der litauischen Hauptstadt.<\/p>\n\n\n\n<p>Ein Festival mit Herz und Botschaft<\/p>\n\n\n\n<p>Der Baltic Pride, der seit 2009 die wichtigsten St\u00e4dte im Baltikum bereist, kehrte 2025 nach Vilnius zur\u00fcck. Die vielf\u00e4ltigen Programmpunkte reichten weit \u00fcber eine klassische Parade hinaus und boten Raum f\u00fcr Begegnungen, Empowerment und Austausch.<\/p>\n\n\n\n<p>Pride House \u2013 Zentrum der Community<\/p>\n\n\n\n<p>Im Vilnius Youth Policy Centre und im Estrad\u00e0 \u00f6ffnete das Pride House seine T\u00fcren. Dort konnten Besucher:innen eine Woche lang an Workshops, Diskussionsrunden, Konzerten und sozialen Events teilnehmen. Die lebendige Community-Ecke war ein Ort, an dem sich Menschen vernetzten, lernten und gemeinsam die LGBTQ+-Vielfalt feierten.<\/p>\n\n\n\n<p>Film, Gala und Konferenz: Vielfalt in vielen Formen<\/p>\n\n\n\n<p>Am 4. Juni zeigte \u201ePride at the Movies\u201c im Paupys \u201ePasaka\u201c queere Filme, die mit ihren Geschichten ber\u00fchrten und zum Nachdenken anregten.<\/p>\n\n\n\n<p>Die Pride Voices Gala am 5. Juni im Vilnius Old Theatre pr\u00e4sentierte eine glamour\u00f6se Nacht voller Musik, Comedy und bewegender Geschichten \u2013 moderiert von LaDiva Live und exklusiv mit eingeladenen G\u00e4sten.<\/p>\n\n\n\n<p>Die internationale Konferenz \u201ePride for Progress: Shaping Today&#8217;s Inclusive Workplace\u201c am 6. und 7. Juni im Radisson Blu Lietuva versammelte Expert:innen, Aktivist:innen und Unternehmer:innen, um \u00fcber Strategien f\u00fcr mehr Inklusion am Arbeitsplatz zu diskutieren.<\/p>\n\n\n\n<p>H\u00f6hepunkt: Pride March und gro\u00dfer Abschlusskonzert<\/p>\n\n\n\n<p>Der H\u00f6hepunkt der Woche war die Pride March for Equality am 7. Juni. Tausende Menschen trafen sich zun\u00e4chst auf der Barboros Radvilait\u0117s Stra\u00dfe, bevor sie um 16 Uhr bunt und lautstark auf der Gediminas Avenue f\u00fcr Akzeptanz und Menschenrechte marschierten.<\/p>\n\n\n\n<p>Im Anschluss wurde am Baltasis Bridge das gro\u00dfe Open-Air-Konzert des Baltic Pride gefeiert, bei dem Live-Musik, DJs und \u00dcberraschungsg\u00e4ste f\u00fcr ausgelassene Stimmung sorgten.<\/p>\n\n\n\n<p>Bedeutung des Baltic Pride in der Region<\/p>\n\n\n\n<p>Der Baltic Pride setzte in einer Region, in der LGBTQ+-Rechte oft noch hart erk\u00e4mpft werden m\u00fcssen, ein wichtiges Zeichen f\u00fcr Sichtbarkeit und Gleichberechtigung. Das Festival st\u00e4rkte die Gemeinschaft und verband lokale Aktivist:innen mit internationalen Unterst\u00fctzer:innen.<\/p>\n\n\n\n<p>Eindr\u00fccke vom Event<\/p>\n\n\n\n<p>Wir haben von einem Teilnehmer an der Parade beeindruckende Bilder erhalten, die die bunte Stimmung, die kraftvolle Atmosph\u00e4re und die Lebensfreude der Teilnehmenden eindrucksvoll zeigen. Diese Fotos geben einen lebendigen Eindruck von einem bewegenden und wichtigen Ereignis.<\/p>\n\n\n\n<p>Der Baltic Pride 2025 in Vilnius war eine unvergessliche Woche, die eindrucksvoll zeigte: Jede:r kann frei sein \u2013 genau so, wie er oder sie ist.<\/p>\n\n\n\n<p>Vielen Dank an Stephan Fannsteiler f\u00fcr die wundersch\u00f6nen Bilder vom Baltik Pride.<br>Wir danken allen die uns ihre Erlebnisse schreiben und Bilder schicken, von den CSD Demonstrationen die sie besucht habe.<\/p>\n\n\n\n<p>Radio QueerLive<br>Die Redaktion<\/p>\n","protected":false},"excerpt":{"rendered":"<div class=\"mh-excerpt\">Vilnius: Eine Woche der Vielfalt und Freiheit unter dem Motto \u201eFree to Be (Yourself)\u201c Ein H\u00f6rer war vor Ort und hat Fotos geschickt, die wir euch nat\u00fcrlich zeigen m\u00f6chten. Vom 2. bis 8. Juni 2025 <a class=\"mh-excerpt-more\" href=\"https:\/\/www.queerlive.de\/?p=1526\" title=\"BaltikPride Galerie 2025\">[&#8230;]<\/a><\/div>\n","protected":false},"author":1,"featured_media":1495,"comment_status":"closed","ping_status":"open","sticky":false,"template":"","format":"standard","meta":{"_coblocks_attr":"","_coblocks_dimensions":"","_coblocks_responsive_height":"","_coblocks_accordion_ie_support":"","footnotes":""},"categories":[18],"tags":[],"class_list":["post-1526","post","type-post","status-publish","format-standard","has-post-thumbnail","category-csd-galerie"],"_links":{"self":[{"href":"https:\/\/www.queerlive.de\/index.php?rest_route=\/wp\/v2\/posts\/1526","targetHints":{"allow":["GET"]}}],"collection":[{"href":"https:\/\/www.queerlive.de\/index.php?rest_route=\/wp\/v2\/posts"}],"about":[{"href":"https:\/\/www.queerlive.de\/index.php?rest_route=\/wp\/v2\/types\/post"}],"author":[{"embeddable":true,"href":"https:\/\/www.queerlive.de\/index.php?rest_route=\/wp\/v2\/users\/1"}],"replies":[{"embeddable":true,"href":"https:\/\/www.queerlive.de\/index.php?rest_route=%2Fwp%2Fv2%2Fcomments&post=1526"}],"version-history":[{"count":1,"href":"https:\/\/www.queerlive.de\/index.php?rest_route=\/wp\/v2\/posts\/1526\/revisions"}],"predecessor-version":[{"id":1527,"href":"https:\/\/www.queerlive.de\/index.php?rest_route=\/wp\/v2\/posts\/1526\/revisions\/1527"}],"wp:featuredmedia":[{"embeddable":true,"href":"https:\/\/www.queerlive.de\/index.php?rest_route=\/wp\/v2\/media\/1495"}],"wp:attachment":[{"href":"https:\/\/www.queerlive.de\/index.php?rest_route=%2Fwp%2Fv2%2Fmedia&parent=1526"}],"wp:term":[{"taxonomy":"category","embeddable":true,"href":"https:\/\/www.queerlive.de\/index.php?rest_route=%2Fwp%2Fv2%2Fcategories&post=1526"},{"taxonomy":"post_tag","embeddable":true,"href":"https:\/\/www.queerlive.de\/index.php?rest_route=%2Fwp%2Fv2%2Ftags&post=1526"}],"curies":[{"name":"wp","href":"https:\/\/api.w.org\/{rel}","templated":true}]}}