{"id":2036,"date":"2025-06-30T10:51:00","date_gmt":"2025-06-30T08:51:00","guid":{"rendered":"https:\/\/www.queerlive.de\/?p=2036"},"modified":"2025-06-30T06:53:04","modified_gmt":"2025-06-30T04:53:04","slug":"istanbul-pride-2025","status":"publish","type":"post","link":"https:\/\/www.queerlive.de\/?p=2036","title":{"rendered":"Istanbul Pride 2025"},"content":{"rendered":"\n<p>Zehn Jahre Verbot, zehn Jahre Widerstand<\/p>\n\n\n\n<p>Istanbul, Juni 2025<\/p>\n\n\n\n<p>\u00dcber 50 Festnahmen auf illegaler Pride Veranstaltung , darunter auch Journalisten in Istanbul.<br>Was einst als eine der gr\u00f6\u00dften Pride-Paraden im muslimisch gepr\u00e4gten Raum galt, ist seit zehn Jahren de facto verboten: Die Istanbul Pride. Auch in diesem Jahr wurde der Versuch, f\u00fcr Vielfalt, Sichtbarkeit und queere Rechte auf die Stra\u00dfe zu gehen, von der t\u00fcrkischen Regierung im Keim erstickt. Wieder kam es zu Polizeiaktionen, Platzverweisen und Festnahmen. Doch der Widerstand lebt \u2013 trotz Repression.<\/p>\n\n\n\n<p>Zehn Jahre Verbot \u2013 und kein Ende in Sicht<\/p>\n\n\n\n<p>Noch vor einer Dekade zogen Zehntausende Menschen durch die Stra\u00dfen Istanbuls, feierten bunt und laut ihre Existenz und forderten Gleichstellung. Die Istanbul Pride war Symbol einer aufbl\u00fchenden queeren Bewegung in der T\u00fcrkei. Doch seit 2015 steht die Veranstaltung unter einem scharfen Verbot. Offiziell wird das Verbot mit \u201eSicherheitsbedenken\u201c begr\u00fcndet \u2013 inoffiziell ist es ein deutliches Zeichen f\u00fcr die systematische Verdr\u00e4ngung queerer Sichtbarkeit aus dem \u00f6ffentlichen Raum.<\/p>\n\n\n\n<p>Auch in diesem Jahr lie\u00dfen die Beh\u00f6rden keine gr\u00f6\u00dfere Versammlung zu. Die Veranstalter:innen waren gezwungen, den Ort der Demonstration mehrmals zu \u00e4ndern, um \u00fcberhaupt kleine Zusammenk\u00fcnfte zu erm\u00f6glichen. Die Polizei war mit einem Gro\u00dfaufgebot im Einsatz, Stra\u00dfen wurden abgesperrt, Versammlungen aufgel\u00f6st, Aktivist:innen in Gewahrsam genommen. Bilder von Festnahmen und chaotischen Szenen machten erneut international die Runde.<\/p>\n\n\n\n<p>Mutige Stimmen trotz Angst<\/p>\n\n\n\n<p>Trotz der Repression lie\u00dfen sich Aktivist:innen nicht zum Schweigen bringen. In kleinen Gruppen, \u00fcber soziale Medien, mit Regenbogenfahnen aus Fenstern oder stillen Aktionen im \u00f6ffentlichen Raum wurde ein Zeichen gesetzt: Istanbul schweigt nicht.<\/p>\n\n\n\n<p>LGBT in Angst<\/p>\n\n\n\n<p>Viele queere Menschen in der T\u00fcrkei berichten von wachsender Angst, aber auch von wachsendem Zusammenhalt. In einem Klima von Verboten, Polarisierung und staatlicher Kontrolle wird jede kleine Geste des Widerstands zur politischen Tat.<\/p>\n\n\n\n<p>Internationale Solidarit\u00e4t gefordert<\/p>\n\n\n\n<p>Menschenrechtsorganisationen und queere Gruppen weltweit verurteilen die anhaltende Repression in der T\u00fcrkei. Amnesty International und Human Rights Watch fordern seit Jahren ein Ende des Pride-Verbots.<br>Die Istanbul Pride sei mehr als ein Festival \u2013 sie sei ein Symbol f\u00fcr Meinungsfreiheit, Versammlungsrecht und Menschenw\u00fcrde.<\/p>\n\n\n\n<p>In zahlreichen St\u00e4dten weltweit wurde am Wochenende in Solidarit\u00e4t mit der queeren Community in der T\u00fcrkei demonstriert \u2013 unter anderem in Berlin, Amsterdam, Toronto und Athen.<\/p>\n\n\n\n<p>Fazit: Repression schafft keine Unsichtbarkeit<\/p>\n\n\n\n<p>Was bleibt, ist ein bedr\u00fcckendes Bild: ein autorit\u00e4rer Staat, der auf friedliche Demonstrationen mit Gewalt reagiert. Aber auch ein Bild von Mut, Widerstand und Hoffnung. Zehn Jahre Verbot haben die Istanbul Pride nicht ausgel\u00f6scht \u2013 sie haben sie politischer gemacht. Und selbst inmitten von Polizeiketten und Tr\u00e4nengas bleibt sie ein starkes Symbol: F\u00fcr Sichtbarkeit. F\u00fcr Liebe. F\u00fcr das Recht, zu sein, wer man ist.<\/p>\n\n\n\n<p>Die Istanbul Pride 2025 zeigt einmal mehr, dass queere Rechte keine Selbstverst\u00e4ndlichkeit sind \u2013 weder im Westen noch anderswo. Wer heute schweigt, wenn andere zum Schweigen gebracht werden, gef\u00e4hrdet auch die eigene Freiheit. Internationale Aufmerksamkeit und Solidarit\u00e4t sind wichtiger denn je.<\/p>\n\n\n\n<p>Radio QueerLive<br>Die Redaktion<\/p>\n","protected":false},"excerpt":{"rendered":"<div class=\"mh-excerpt\">Zehn Jahre Verbot, zehn Jahre Widerstand Istanbul, Juni 2025 \u00dcber 50 Festnahmen auf illegaler Pride Veranstaltung , darunter auch Journalisten in Istanbul.Was einst als eine der gr\u00f6\u00dften Pride-Paraden im muslimisch gepr\u00e4gten Raum galt, ist seit <a class=\"mh-excerpt-more\" href=\"https:\/\/www.queerlive.de\/?p=2036\" title=\"Istanbul Pride 2025\">[&#8230;]<\/a><\/div>\n","protected":false},"author":1,"featured_media":2037,"comment_status":"closed","ping_status":"open","sticky":false,"template":"","format":"standard","meta":{"_coblocks_attr":"","_coblocks_dimensions":"","_coblocks_responsive_height":"","_coblocks_accordion_ie_support":"","footnotes":""},"categories":[7,8],"tags":[],"class_list":["post-2036","post","type-post","status-publish","format-standard","has-post-thumbnail","category-nachrichten-europa","category-nachrichten-international"],"_links":{"self":[{"href":"https:\/\/www.queerlive.de\/index.php?rest_route=\/wp\/v2\/posts\/2036","targetHints":{"allow":["GET"]}}],"collection":[{"href":"https:\/\/www.queerlive.de\/index.php?rest_route=\/wp\/v2\/posts"}],"about":[{"href":"https:\/\/www.queerlive.de\/index.php?rest_route=\/wp\/v2\/types\/post"}],"author":[{"embeddable":true,"href":"https:\/\/www.queerlive.de\/index.php?rest_route=\/wp\/v2\/users\/1"}],"replies":[{"embeddable":true,"href":"https:\/\/www.queerlive.de\/index.php?rest_route=%2Fwp%2Fv2%2Fcomments&post=2036"}],"version-history":[{"count":1,"href":"https:\/\/www.queerlive.de\/index.php?rest_route=\/wp\/v2\/posts\/2036\/revisions"}],"predecessor-version":[{"id":2038,"href":"https:\/\/www.queerlive.de\/index.php?rest_route=\/wp\/v2\/posts\/2036\/revisions\/2038"}],"wp:featuredmedia":[{"embeddable":true,"href":"https:\/\/www.queerlive.de\/index.php?rest_route=\/wp\/v2\/media\/2037"}],"wp:attachment":[{"href":"https:\/\/www.queerlive.de\/index.php?rest_route=%2Fwp%2Fv2%2Fmedia&parent=2036"}],"wp:term":[{"taxonomy":"category","embeddable":true,"href":"https:\/\/www.queerlive.de\/index.php?rest_route=%2Fwp%2Fv2%2Fcategories&post=2036"},{"taxonomy":"post_tag","embeddable":true,"href":"https:\/\/www.queerlive.de\/index.php?rest_route=%2Fwp%2Fv2%2Ftags&post=2036"}],"curies":[{"name":"wp","href":"https:\/\/api.w.org\/{rel}","templated":true}]}}