{"id":2046,"date":"2025-06-30T09:57:00","date_gmt":"2025-06-30T07:57:00","guid":{"rendered":"https:\/\/www.queerlive.de\/?p=2046"},"modified":"2025-06-30T07:41:29","modified_gmt":"2025-06-30T05:41:29","slug":"basel-tickt-bunt","status":"publish","type":"post","link":"https:\/\/www.queerlive.de\/?p=2046","title":{"rendered":"Basel tickt bunt!"},"content":{"rendered":"\n<p>Die Schweiz setzt starkes Zeichen f\u00fcr Menschenrechte<\/p>\n\n\n\n<p>Am vergangenen Samstag erlebte Basel ein eindrucksvolles Bekenntnis zu Vielfalt, Solidarit\u00e4t und Menschenrechten: Das queere Festival \u201eBasel tickt bunt!\u201c ging in die dritte Runde \u2013 und mehr als 2.000 Teilnehmende machten beim diesj\u00e4hrigen Pride Walk unter dem Motto \u201eQueer Rights Are Human Rights\u201c die Innenstadt zur B\u00fchne f\u00fcr Sichtbarkeit und politischen Protest.<\/p>\n\n\n\n<p>Politisches Statement mit internationaler Tragweite<\/p>\n\n\n\n<p>In einer Zeit, in der queerfeindliche Str\u00f6mungen weltweit wieder lauter werden, war das diesj\u00e4hrige Motto bewusst gew\u00e4hlt. Die Organisator:innen reagierten damit auf zunehmende Angriffe auf LGBTI+-Rechte \u2013 nicht nur in autorit\u00e4ren Regimen, sondern auch in Teilen Europas. Dass die Lage ernst ist, zeigte sich am selben Tag bei der Budapest Pride, die trotz eines staatlichen Verbots zehntausende Menschen mobilisierte.<\/p>\n\n\n\n<blockquote class=\"wp-block-quote is-layout-flow wp-block-quote-is-layout-flow\">\n<p>\u201eMenschenrechte sind unverhandelbar. Solange irgendwo auf der Welt queere Identit\u00e4ten kriminalisiert werden, bleiben wir laut und sichtbar\u201c, sagte Maika vom Organisationsteam.<\/p>\n<\/blockquote>\n\n\n\n<p>Ein Tag zwischen Politik, Party und Protest<\/p>\n\n\n\n<p>Der Tag begann mit einem Drag Brunch, gefolgt vom offiziellen Start des Pride Walks im Theodorsgraben. Dort sprachen unter anderem Basels Regierungspr\u00e4sident Conradin Cramer, Grossr\u00e4tin Edibe G\u00f6lgeli, Pfarrer Frank Lorenz sowie Aktivist Ali Raza Khan. Ihre Reden machten deutlich: Der Kampf f\u00fcr gleiche Rechte ist noch lange nicht vorbei.<\/p>\n\n\n\n<p>Angef\u00fchrt von Musik und begleitet von guter Laune zog die bunte Parade anschlie\u00dfend durch Kleinbasel und entlang des Rheins zum Festivalgel\u00e4nde im Holzpark Klybeck. Dort erwartete die Besucher:innen ein Open-Air-Programm mit Konzerten, DJ-Sets und einer ausgelassenen Atmosph\u00e4re. Abends ging es weiter mit der offiziellen \u201eBasel tickt bunt!\u201c-Party auf dem Kulturschiff Gannet.<\/p>\n\n\n\n<blockquote class=\"wp-block-quote is-layout-flow wp-block-quote-is-layout-flow\">\n<p>\u201eAls queere Menschen haben wir schon immer Protest und Party vereint\u201c, so Co-Organisator \u00d6mer. \u201eWir begruben unsere Freund:innen am Morgen, protestierten am Nachmittag und tanzten die ganze Nacht.\u201c<\/p>\n<\/blockquote>\n\n\n\n<p>Vielstimmiges Wochenende der Solidarit\u00e4t<\/p>\n\n\n\n<p>Bereits am Freitagabend hatte das Festival mit einer Filmvorf\u00fchrung von 120 BPM und einer Podiumsdiskussion zur HIV\/Aids-Stigmatisierung begonnen \u2013 in Kooperation mit pink.friday. Ein weiteres Zeichen f\u00fcr den intersektionalen und politischen Anspruch des Festivals. Am Samstagvormittag kamen dann auch Teilnehmende des CSD Baselland aus Liestal hinzu \u2013 ein starkes Signal regionaler Vernetzung und gemeinsamer Anliegen.<\/p>\n\n\n\n<p>Vielfalt braucht Sichtbarkeit<\/p>\n\n\n\n<p>\u201eBasel tickt bunt!\u201c ist l\u00e4ngst mehr als nur ein lokaler Pride \u2013 es ist eine wachsende Plattform f\u00fcr queeres Leben, politische Forderungen und gesellschaftliche Teilhabe. Die Mischung aus Aktivismus und Kultur, aus Widerstand und Lebensfreude, ist das, was das Festival so besonders macht.<\/p>\n\n\n\n<p>W\u00e4hrend in vielen L\u00e4ndern queere Communities unter Druck stehen, zeigt Basel: Zusammenhalt, Mut und Musik k\u00f6nnen Berge versetzen.<\/p>\n\n\n\n<p>Radio QueerLive<br>Die Redaktion<\/p>\n","protected":false},"excerpt":{"rendered":"<div class=\"mh-excerpt\">Die Schweiz setzt starkes Zeichen f\u00fcr Menschenrechte Am vergangenen Samstag erlebte Basel ein eindrucksvolles Bekenntnis zu Vielfalt, Solidarit\u00e4t und Menschenrechten: Das queere Festival \u201eBasel tickt bunt!\u201c ging in die dritte Runde \u2013 und mehr als <a class=\"mh-excerpt-more\" href=\"https:\/\/www.queerlive.de\/?p=2046\" title=\"Basel tickt bunt!\">[&#8230;]<\/a><\/div>\n","protected":false},"author":1,"featured_media":2047,"comment_status":"closed","ping_status":"open","sticky":false,"template":"","format":"standard","meta":{"_coblocks_attr":"","_coblocks_dimensions":"","_coblocks_responsive_height":"","_coblocks_accordion_ie_support":"","footnotes":""},"categories":[7],"tags":[],"class_list":["post-2046","post","type-post","status-publish","format-standard","has-post-thumbnail","category-nachrichten-europa"],"_links":{"self":[{"href":"https:\/\/www.queerlive.de\/index.php?rest_route=\/wp\/v2\/posts\/2046","targetHints":{"allow":["GET"]}}],"collection":[{"href":"https:\/\/www.queerlive.de\/index.php?rest_route=\/wp\/v2\/posts"}],"about":[{"href":"https:\/\/www.queerlive.de\/index.php?rest_route=\/wp\/v2\/types\/post"}],"author":[{"embeddable":true,"href":"https:\/\/www.queerlive.de\/index.php?rest_route=\/wp\/v2\/users\/1"}],"replies":[{"embeddable":true,"href":"https:\/\/www.queerlive.de\/index.php?rest_route=%2Fwp%2Fv2%2Fcomments&post=2046"}],"version-history":[{"count":1,"href":"https:\/\/www.queerlive.de\/index.php?rest_route=\/wp\/v2\/posts\/2046\/revisions"}],"predecessor-version":[{"id":2048,"href":"https:\/\/www.queerlive.de\/index.php?rest_route=\/wp\/v2\/posts\/2046\/revisions\/2048"}],"wp:featuredmedia":[{"embeddable":true,"href":"https:\/\/www.queerlive.de\/index.php?rest_route=\/wp\/v2\/media\/2047"}],"wp:attachment":[{"href":"https:\/\/www.queerlive.de\/index.php?rest_route=%2Fwp%2Fv2%2Fmedia&parent=2046"}],"wp:term":[{"taxonomy":"category","embeddable":true,"href":"https:\/\/www.queerlive.de\/index.php?rest_route=%2Fwp%2Fv2%2Fcategories&post=2046"},{"taxonomy":"post_tag","embeddable":true,"href":"https:\/\/www.queerlive.de\/index.php?rest_route=%2Fwp%2Fv2%2Ftags&post=2046"}],"curies":[{"name":"wp","href":"https:\/\/api.w.org\/{rel}","templated":true}]}}