{"id":2049,"date":"2025-06-30T10:00:00","date_gmt":"2025-06-30T08:00:00","guid":{"rendered":"https:\/\/www.queerlive.de\/?p=2049"},"modified":"2025-06-30T07:42:25","modified_gmt":"2025-06-30T05:42:25","slug":"gewalt-auf-der-motzstrasse","status":"publish","type":"post","link":"https:\/\/www.queerlive.de\/?p=2049","title":{"rendered":"Gewalt auf der Motzstra\u00dfe"},"content":{"rendered":"\n<p>Zwischenfall vor Caf\u00e9 ersch\u00fcttert Sch\u00f6neberg<\/p>\n\n\n\n<p>Sch\u00f6neberg, 30. Juni 2025 <\/p>\n\n\n\n<p>Am sp\u00e4ten Samstagabeind kam es in Berlin-Sch\u00f6neberg zu einem erschreckenden Vorfall, der erneut Fragen zur \u00f6ffentlichen Sicherheit und zum Umgang mit psychisch auff\u00e4lligen Personen aufwirft. Vor einem Caf\u00e9 in der belebten Motzstra\u00dfe wurde ein 56-j\u00e4hriger Mann Opfer einer pl\u00f6tzlichen Gewalttat. Die Polizei ermittelt wegen gef\u00e4hrlicher K\u00f6rperverletzung und Beleidigung.<\/p>\n\n\n\n<p>Gegen 22:30 Uhr sa\u00dfen drei M\u00e4nner im Alter von 28, 56 und 58 Jahren gem\u00fctlich an einem Tisch vor dem Caf\u00e9, als sich ihnen ein 23-J\u00e4hriger n\u00e4herte. Was zun\u00e4chst wie ein harmloser Wortwechsel begann, eskalierte binnen Minuten. Nach Angaben von Zeugen baten die M\u00e4nner den jungen Mann mehrfach, sich vom Tisch zu entfernen, nachdem dieser sie offenbar provoziert hatte. Die Situation schien sich zun\u00e4chst zu beruhigen, als der Mann sich entfernte \u2013 doch nur kurz darauf kehrte er zur\u00fcck. Dann geschah das Unfassbare: Der 23-J\u00e4hrige soll dem 56-J\u00e4hrigen unvermittelt eine Bierflasche gegen den Kopf geschlagen haben.<\/p>\n\n\n\n<p>Der Angriff hinterlie\u00df beim Opfer ein H\u00e4matom und starke Kopfschmerzen \u2013 die Verletzungen mussten in einer Klinik ambulant behandelt werden. Der mutma\u00dfliche T\u00e4ter versuchte zun\u00e4chst zu fliehen, wurde jedoch von couragierten Zeugen und dem verletzten Mann verfolgt und bis zum Eintreffen der Polizei festgehalten. Die Beamten nahmen den Tatverd\u00e4chtigen noch am Tatort fest.<\/p>\n\n\n\n<p>Aufgrund seines auff\u00e4lligen Verhaltens wurde der junge Mann zur weiteren Abkl\u00e4rung in ein Krankenhaus mit psychiatrischer Abteilung gebracht. Ob psychische Erkrankungen bei der Tat eine Rolle spielten, ist derzeit noch unklar. Die Kriminalpolizei hat die Ermittlungen \u00fcbernommen und pr\u00fcft alle Hintergr\u00fcnde des Vorfalls.<\/p>\n\n\n\n<p>Der Vorfall sorgt im Kiez f\u00fcr Verunsicherung. Die Motzstra\u00dfe, sonst bekannt f\u00fcr ihre offene, bunte und tolerante Atmosph\u00e4re, wurde in der Vergangenheit immer wieder Schauplatz von Provokationen und \u00dcbergriffen \u2013 gerade in den Abendstunden. Anwohnerinnen und Anwohner fordern verst\u00e4rkte Pr\u00e4senz von Sicherheitskr\u00e4ften und mehr Ma\u00dfnahmen zur Deeskalation im \u00f6ffentlichen Raum.<\/p>\n\n\n\n<p>Wie es nun rechtlich mit dem Tatverd\u00e4chtigen weitergeht, h\u00e4ngt auch von den psychiatrischen Begutachtungen ab. Die Ermittlungen dauern an. Zeugen, die weitere Hinweise zum Vorfall geben k\u00f6nnen, werden gebeten, sich bei der Polizei zu melden.<\/p>\n\n\n\n<p>Kommentar:<br>Der Vorfall in der Motzstra\u00dfe erinnert uns schmerzhaft daran, wie schnell allt\u00e4gliche Situationen eskalieren k\u00f6nnen \u2013 und wie wichtig Zivilcourage, aber auch pr\u00e4ventive Ma\u00dfnahmen im \u00f6ffentlichen Raum sind. Gewalt darf in einer offenen Gesellschaft keinen Platz haben. Die psychische Gesundheit des mutma\u00dflichen T\u00e4ters sollte bei der weiteren juristischen Einordnung ebenso ernst genommen werden wie der Schutz der Opfer und der \u00f6ffentlichen Sicherheit.<\/p>\n\n\n\n<p>Radio QueerLive<br>Die Redaktion<\/p>\n","protected":false},"excerpt":{"rendered":"<div class=\"mh-excerpt\">Zwischenfall vor Caf\u00e9 ersch\u00fcttert Sch\u00f6neberg Sch\u00f6neberg, 30. Juni 2025 Am sp\u00e4ten Samstagabeind kam es in Berlin-Sch\u00f6neberg zu einem erschreckenden Vorfall, der erneut Fragen zur \u00f6ffentlichen Sicherheit und zum Umgang mit psychisch auff\u00e4lligen Personen aufwirft. Vor <a class=\"mh-excerpt-more\" href=\"https:\/\/www.queerlive.de\/?p=2049\" title=\"Gewalt auf der Motzstra\u00dfe\">[&#8230;]<\/a><\/div>\n","protected":false},"author":1,"featured_media":1847,"comment_status":"closed","ping_status":"open","sticky":false,"template":"","format":"standard","meta":{"_coblocks_attr":"","_coblocks_dimensions":"","_coblocks_responsive_height":"","_coblocks_accordion_ie_support":"","footnotes":""},"categories":[6,24],"tags":[],"class_list":["post-2049","post","type-post","status-publish","format-standard","has-post-thumbnail","category-nachrichten-deutschland","category-community"],"_links":{"self":[{"href":"https:\/\/www.queerlive.de\/index.php?rest_route=\/wp\/v2\/posts\/2049","targetHints":{"allow":["GET"]}}],"collection":[{"href":"https:\/\/www.queerlive.de\/index.php?rest_route=\/wp\/v2\/posts"}],"about":[{"href":"https:\/\/www.queerlive.de\/index.php?rest_route=\/wp\/v2\/types\/post"}],"author":[{"embeddable":true,"href":"https:\/\/www.queerlive.de\/index.php?rest_route=\/wp\/v2\/users\/1"}],"replies":[{"embeddable":true,"href":"https:\/\/www.queerlive.de\/index.php?rest_route=%2Fwp%2Fv2%2Fcomments&post=2049"}],"version-history":[{"count":1,"href":"https:\/\/www.queerlive.de\/index.php?rest_route=\/wp\/v2\/posts\/2049\/revisions"}],"predecessor-version":[{"id":2050,"href":"https:\/\/www.queerlive.de\/index.php?rest_route=\/wp\/v2\/posts\/2049\/revisions\/2050"}],"wp:featuredmedia":[{"embeddable":true,"href":"https:\/\/www.queerlive.de\/index.php?rest_route=\/wp\/v2\/media\/1847"}],"wp:attachment":[{"href":"https:\/\/www.queerlive.de\/index.php?rest_route=%2Fwp%2Fv2%2Fmedia&parent=2049"}],"wp:term":[{"taxonomy":"category","embeddable":true,"href":"https:\/\/www.queerlive.de\/index.php?rest_route=%2Fwp%2Fv2%2Fcategories&post=2049"},{"taxonomy":"post_tag","embeddable":true,"href":"https:\/\/www.queerlive.de\/index.php?rest_route=%2Fwp%2Fv2%2Ftags&post=2049"}],"curies":[{"name":"wp","href":"https:\/\/api.w.org\/{rel}","templated":true}]}}