{"id":2062,"date":"2025-07-01T12:41:04","date_gmt":"2025-07-01T10:41:04","guid":{"rendered":"https:\/\/www.queerlive.de\/?p=2062"},"modified":"2025-07-01T12:41:08","modified_gmt":"2025-07-01T10:41:08","slug":"mode-macht-und-manhattan","status":"publish","type":"post","link":"https:\/\/www.queerlive.de\/?p=2062","title":{"rendered":"Mode, Macht und Manhattan"},"content":{"rendered":"\n<p>Dreharbeiten zu \u00bbDer Teufel tr\u00e4gt Prada 2\u00ab haben begonnen<\/p>\n\n\n\n<p>Fast zwei Jahrzehnte nach dem ersten Auftritt der furchteinfl\u00f6\u00dfenden Modeikone Miranda Priestly ist es endlich offiziell: \u00bbDer Teufel tr\u00e4gt Prada 2\u00ab kommt \u2013 mit Originalbesetzung und neuem Glamour. Meryl Streep, Anne Hathaway, Emily Blunt und Stanley Tucci kehren zur\u00fcck auf die Leinwand, und die Dreharbeiten zur mit Spannung erwarteten Fortsetzung haben bereits begonnen. Die Kameras laufen in New York und Italien \u2013 zwei Schaupl\u00e4tze, die wie gemacht sind f\u00fcr eine Geschichte \u00fcber Macht, Mode und Intrigen.<\/p>\n\n\n\n<p>Die R\u00fcckkehr der eisigen Chefredakteurin<\/p>\n\n\n\n<p>Als Miranda Priestly hat Meryl Streep Filmgeschichte geschrieben \u2013 mit eiskaltem Blick und makellosem Stil.<br>In Teil zwei kehrt die dreifache Oscarpreistr\u00e4gerin in ihre ikonische Rolle zur\u00fcck. Diesmal muss Miranda sich jedoch nicht nur gegen den Wandel der Printbranche behaupten, sondern auch gegen eine neue Rivalin: Emily Charlton, gespielt von Emily Blunt, die mittlerweile zur Topmanagerin eines globalen Luxuskonzerns aufgestiegen ist \u2013 und mit Millionen an Werbebudget direkt in die Medienwelt eingreifen will.<\/p>\n\n\n\n<p>Altbekannte Gesichter \u2013 und neue Dynamik<\/p>\n\n\n\n<p>Auch Stanley Tucci als charmanter Art Director Nigel Kipling ist wieder mit dabei. Eine \u00dcberraschung ist die Besetzung von Kenneth Branagh: Der britische Schauspieler soll Medienberichten zufolge Mirandas neuen Ehemann spielen. Welche Rolle Anne Hathaway alias Andy Sachs in dieser neuen Modewelt einnimmt, bleibt bislang das gr\u00f6\u00dfte Geheimnis der Produktion. Fest steht: Auch sie wird Teil der Geschichte sein \u2013 in einer Welt, die sich in 20 Jahren radikal ver\u00e4ndert hat.<\/p>\n\n\n\n<p>Zwischen Nostalgie und Gegenwart<\/p>\n\n\n\n<p>Der erste Film aus dem Jahr 2006 basierte auf dem Bestseller von Lauren Weisberger, der auf ihren Erfahrungen als Assistentin von \u00bbVogue\u00ab-Chefin Anna Wintour beruht. \u00bbDer Teufel tr\u00e4gt Prada\u00ab wurde ein globaler Hit, spielte \u00fcber 300 Millionen Dollar ein und katapultierte die Darstellerinnen endg\u00fcltig in den Hollywood-Olymp. Auch wenn die Modewelt sich ver\u00e4ndert hat \u2013 der Konkurrenzkampf, die Abgr\u00fcnde hinter dem Glamour und die Suche nach Selbstbestimmung in einem gnadenlosen System bleiben zeitlos aktuelle Themen.<\/p>\n\n\n\n<p>Bew\u00e4hrtes Team hinter der Kamera<\/p>\n\n\n\n<p>Wie schon beim Original sitzen auch diesmal David Frankel (Regie) und Aline Brosh McKenna (Drehbuch) an den kreativen Hebeln. Gemeinsam wollen sie die Balance zwischen satirischem Biss, emotionaler Tiefe und modischer Extravaganz erneut treffen. Der erste Clip, den 20th Century Fox k\u00fcrzlich in den sozialen Medien ver\u00f6ffentlichte, macht bereits Lust auf mehr: Ein Paar rote High Heels \u2013 ikonisch \u2013 begleitet von Originalzitaten aus dem ersten Film.<\/p>\n\n\n\n<p>Kinostart 2026 \u2013 und die Fashionwelt wartet<\/p>\n\n\n\n<p>Der US-Kinostart ist f\u00fcr Mai 2026 angesetzt. Ob der Film an den Erfolg des ersten Teils ankn\u00fcpfen kann? Die Voraussetzungen sind ideal: Eine hochkar\u00e4tige Besetzung, ein erfahrener Cast und ein Thema, das nichts von seiner Faszination eingeb\u00fc\u00dft hat. Der Teufel tr\u00e4gt Prada \u2013 und sie ist zur\u00fcck.<\/p>\n\n\n\n<p>Noch Fragen? Ach bitte \u2013 das ist Alles.<\/p>\n\n\n\n<p>Radio QueerLive<br>News-Redaktion<\/p>\n","protected":false},"excerpt":{"rendered":"<div class=\"mh-excerpt\">Dreharbeiten zu \u00bbDer Teufel tr\u00e4gt Prada 2\u00ab haben begonnen Fast zwei Jahrzehnte nach dem ersten Auftritt der furchteinfl\u00f6\u00dfenden Modeikone Miranda Priestly ist es endlich offiziell: \u00bbDer Teufel tr\u00e4gt Prada 2\u00ab kommt \u2013 mit Originalbesetzung und <a class=\"mh-excerpt-more\" href=\"https:\/\/www.queerlive.de\/?p=2062\" title=\"Mode, Macht und Manhattan\">[&#8230;]<\/a><\/div>\n","protected":false},"author":1,"featured_media":2063,"comment_status":"closed","ping_status":"open","sticky":false,"template":"","format":"standard","meta":{"_coblocks_attr":"","_coblocks_dimensions":"","_coblocks_responsive_height":"","_coblocks_accordion_ie_support":"","footnotes":""},"categories":[14],"tags":[],"class_list":["post-2062","post","type-post","status-publish","format-standard","has-post-thumbnail","category-film"],"_links":{"self":[{"href":"https:\/\/www.queerlive.de\/index.php?rest_route=\/wp\/v2\/posts\/2062","targetHints":{"allow":["GET"]}}],"collection":[{"href":"https:\/\/www.queerlive.de\/index.php?rest_route=\/wp\/v2\/posts"}],"about":[{"href":"https:\/\/www.queerlive.de\/index.php?rest_route=\/wp\/v2\/types\/post"}],"author":[{"embeddable":true,"href":"https:\/\/www.queerlive.de\/index.php?rest_route=\/wp\/v2\/users\/1"}],"replies":[{"embeddable":true,"href":"https:\/\/www.queerlive.de\/index.php?rest_route=%2Fwp%2Fv2%2Fcomments&post=2062"}],"version-history":[{"count":1,"href":"https:\/\/www.queerlive.de\/index.php?rest_route=\/wp\/v2\/posts\/2062\/revisions"}],"predecessor-version":[{"id":2064,"href":"https:\/\/www.queerlive.de\/index.php?rest_route=\/wp\/v2\/posts\/2062\/revisions\/2064"}],"wp:featuredmedia":[{"embeddable":true,"href":"https:\/\/www.queerlive.de\/index.php?rest_route=\/wp\/v2\/media\/2063"}],"wp:attachment":[{"href":"https:\/\/www.queerlive.de\/index.php?rest_route=%2Fwp%2Fv2%2Fmedia&parent=2062"}],"wp:term":[{"taxonomy":"category","embeddable":true,"href":"https:\/\/www.queerlive.de\/index.php?rest_route=%2Fwp%2Fv2%2Fcategories&post=2062"},{"taxonomy":"post_tag","embeddable":true,"href":"https:\/\/www.queerlive.de\/index.php?rest_route=%2Fwp%2Fv2%2Ftags&post=2062"}],"curies":[{"name":"wp","href":"https:\/\/api.w.org\/{rel}","templated":true}]}}