{"id":2104,"date":"2025-07-05T08:04:47","date_gmt":"2025-07-05T06:04:47","guid":{"rendered":"https:\/\/www.queerlive.de\/?p=2104"},"modified":"2025-07-05T08:05:36","modified_gmt":"2025-07-05T06:05:36","slug":"2104","status":"publish","type":"post","link":"https:\/\/www.queerlive.de\/?p=2104","title":{"rendered":"Radio QueerLive CSD in Falkensee"},"content":{"rendered":"\n<p>Liebe queere Community, liebe Unterst\u00fctzer*innen,<\/p>\n\n\n\n<p>wir senden euch heute unsere herzlichsten Gr\u00fc\u00dfe und ganz viel Solidarit\u00e4t nach Falkensee zum dortigen Christopher Street Day!<\/p>\n\n\n\n<p>Euer Engagement und eure Sichtbarkeit sind heute \u2013 und an jedem anderen Tag \u2013 von unsch\u00e4tzbarem Wert. Der CSD in Falkensee ist mehr als nur ein Fest \u2013 er ist ein klares Zeichen f\u00fcr Vielfalt, Akzeptanz und die Rechte von queeren Menschen, gerade in Regionen, in denen queeres Leben nicht selbstverst\u00e4ndlich sichtbar ist.<\/p>\n\n\n\n<p>Gerade heute ist eure Pr\u00e4senz besonders wichtig: Mehrere rechte Gruppen haben angek\u00fcndigt, gegen den CSD zu demonstrieren. Das zeigt einmal mehr, warum wir nicht still sein d\u00fcrfen. Umso bedeutender ist es, dass ihr vor Ort seid, Haltung zeigt und mit eurer Pr\u00e4senz f\u00fcr eine offene, bunte und solidarische Gesellschaft einsteht.<\/p>\n\n\n\n<p>Kommt also unbedingt vorbei \u2013 der CSD startet um 15 Uhr am Bahnhof Falkensee. Die Anreise ist einfach: Ob mit der Regionalbahn ab Berlin-Spandau oder einem der zentralen Berliner Bahnh\u00f6fe \u2013 ihr seid schnell da. Auch mit der BVG kommt ihr bequem bis Spandau, von dort aus geht\u2019s weiter Richtung Falkensee.<\/p>\n\n\n\n<p>Zeigt Flagge, zeigt Haltung \u2013 f\u00fcr ein Falkensee, das bunt bleibt!<\/p>\n\n\n\n<p>Mit Stolz, Herz und Solidarit\u00e4t,<br>eure Radio QueerLive Redaktion<br>\ud83c\udff3\ufe0f\u200d\ud83c\udf08<\/p>\n\n\n\n<p>Treffpunkt<br>Bahnhof Falkensee<\/p>\n\n\n\n<p>Start 15:00 Uhr<\/p>\n","protected":false},"excerpt":{"rendered":"<div class=\"mh-excerpt\">Liebe queere Community, liebe Unterst\u00fctzer*innen, wir senden euch heute unsere herzlichsten Gr\u00fc\u00dfe und ganz viel Solidarit\u00e4t nach Falkensee zum dortigen Christopher Street Day! Euer Engagement und eure Sichtbarkeit sind heute \u2013 und an jedem anderen <a class=\"mh-excerpt-more\" href=\"https:\/\/www.queerlive.de\/?p=2104\" title=\"Radio QueerLive CSD in Falkensee\">[&#8230;]<\/a><\/div>\n","protected":false},"author":1,"featured_media":2105,"comment_status":"closed","ping_status":"open","sticky":false,"template":"","format":"standard","meta":{"_coblocks_attr":"","_coblocks_dimensions":"","_coblocks_responsive_height":"","_coblocks_accordion_ie_support":"","footnotes":""},"categories":[15,24],"tags":[],"class_list":["post-2104","post","type-post","status-publish","format-standard","has-post-thumbnail","category-csd-termine","category-community"],"_links":{"self":[{"href":"https:\/\/www.queerlive.de\/index.php?rest_route=\/wp\/v2\/posts\/2104","targetHints":{"allow":["GET"]}}],"collection":[{"href":"https:\/\/www.queerlive.de\/index.php?rest_route=\/wp\/v2\/posts"}],"about":[{"href":"https:\/\/www.queerlive.de\/index.php?rest_route=\/wp\/v2\/types\/post"}],"author":[{"embeddable":true,"href":"https:\/\/www.queerlive.de\/index.php?rest_route=\/wp\/v2\/users\/1"}],"replies":[{"embeddable":true,"href":"https:\/\/www.queerlive.de\/index.php?rest_route=%2Fwp%2Fv2%2Fcomments&post=2104"}],"version-history":[{"count":2,"href":"https:\/\/www.queerlive.de\/index.php?rest_route=\/wp\/v2\/posts\/2104\/revisions"}],"predecessor-version":[{"id":2107,"href":"https:\/\/www.queerlive.de\/index.php?rest_route=\/wp\/v2\/posts\/2104\/revisions\/2107"}],"wp:featuredmedia":[{"embeddable":true,"href":"https:\/\/www.queerlive.de\/index.php?rest_route=\/wp\/v2\/media\/2105"}],"wp:attachment":[{"href":"https:\/\/www.queerlive.de\/index.php?rest_route=%2Fwp%2Fv2%2Fmedia&parent=2104"}],"wp:term":[{"taxonomy":"category","embeddable":true,"href":"https:\/\/www.queerlive.de\/index.php?rest_route=%2Fwp%2Fv2%2Fcategories&post=2104"},{"taxonomy":"post_tag","embeddable":true,"href":"https:\/\/www.queerlive.de\/index.php?rest_route=%2Fwp%2Fv2%2Ftags&post=2104"}],"curies":[{"name":"wp","href":"https:\/\/api.w.org\/{rel}","templated":true}]}}