{"id":2812,"date":"2025-08-21T12:28:06","date_gmt":"2025-08-21T10:28:06","guid":{"rendered":"https:\/\/www.queerlive.de\/?p=2812"},"modified":"2025-08-21T12:28:10","modified_gmt":"2025-08-21T10:28:10","slug":"politische-debatte-um-pride-symbole-longs-rede-gegen-desantis-agenda","status":"publish","type":"post","link":"https:\/\/www.queerlive.de\/?p=2812","title":{"rendered":"Politische Debatte um Pride-Symbole: Longs Rede gegen DeSantis\u2019 Agenda"},"content":{"rendered":"\n<p>In den USA spitzt sich die Auseinandersetzung um Symbole der Inklusion und Sichtbarkeit weiter zu.<br>J\u00fcngst stand dabei die Entfernung einer Pride-Kreuzung im Zentrum politischer Diskussionen \u2013 ein Vorhaben, das nach Ansicht vieler Kritiker weniger mit praktischen Fragen wie Verkehrssicherheit zu tun hat, sondern Teil eines gr\u00f6\u00dferen kulturpolitischen Konflikts ist.<\/p>\n\n\n\n<p>Longs Appell: \u201eEs geht nicht um Verkehrssicherheit\u201c<\/p>\n\n\n\n<p>Der Demokrat Long erhob im Rahmen einer emotionalen Rede deutliche Kritik an den Pl\u00e4nen, die Regenbogen-Markierung von der Stra\u00dfe zu entfernen. Dabei machte er klar, dass die offizielle Begr\u00fcndung \u2013 die angeblich mangelnde Verkehrssicherheit \u2013 lediglich ein Vorwand sei.<\/p>\n\n\n\n<blockquote class=\"wp-block-quote is-layout-flow wp-block-quote-is-layout-flow\">\n<p>\u201eSeien wir ehrlich. Wir alle wissen, dass es hier nicht um Verkehrssicherheit geht. Es ist eine politische Angelegenheit.\u201c<\/p>\n<\/blockquote>\n\n\n\n<p>Damit ordnete Long den Vorsto\u00df in die zunehmend polarisierte Debatte um LGBTQ+-Rechte in den Vereinigten Staaten ein, die vor allem unter der Politik von Floridas Gouverneur Ron DeSantis eine neue Sch\u00e4rfe gewonnen hat.<\/p>\n\n\n\n<p>Symbolpolitik im Kulturkampf<\/p>\n\n\n\n<p>Long erinnerte daran, dass es nicht nur um Farbe auf Asphalt gehe, sondern um ein starkes Signal der Zugeh\u00f6rigkeit und Akzeptanz.<\/p>\n\n\n\n<blockquote class=\"wp-block-quote is-layout-flow wp-block-quote-is-layout-flow\">\n<p>\u201eSymbole sind wichtig. Sie signalisieren unseren Bewohnern, Besuchern und insbesondere unserer Jugend, dass sie hier gesehen, gesch\u00e4tzt und sicher sind.\u201c<\/p>\n<\/blockquote>\n\n\n\n<p>Die geplante Entfernung der Pride-Kreuzung \u2013 ohne Zustimmung der zust\u00e4ndigen Kommission und ohne Ersatz \u2013 wertete er als fatales Signal:<\/p>\n\n\n\n<blockquote class=\"wp-block-quote is-layout-flow wp-block-quote-is-layout-flow\">\n<p>\u201eDie Entfernung unserer Pride-Kreuzung ohne Konsens der Kommission und ohne einen Plan, dieses Symbol anderswo zu erhalten, sendet das falsche Signal zur falschen Zeit.\u201c<\/p>\n<\/blockquote>\n\n\n\n<p>Sichtbarkeit unter Druck<\/p>\n\n\n\n<p>Dass gerade sichtbare Zeichen der Inklusion ins Visier geraten, ist f\u00fcr Beobachter kein Zufall. In einer politisch aufgeladenen Atmosph\u00e4re, in der LGBTQ+-Rechte vielerorts erneut unter Druck geraten, werden Regenbogenfahnen, Pride-Malereien oder queere Kulturveranstaltungen zum Schauplatz von Auseinandersetzungen.<\/p>\n\n\n\n<p>Die Botschaft, die Long in seiner Rede vermittelte, ist klar: Die Entfernung dieser Symbole bedeutet nicht Neutralit\u00e4t, sondern eine aktive Ausl\u00f6schung von Sichtbarkeit \u2013 mit potenziell verheerenden Folgen f\u00fcr jene, die ohnehin um gesellschaftliche Akzeptanz ringen.<\/p>\n\n\n\n<p>Mehr als ein lokales Thema<\/p>\n\n\n\n<p>Auch wenn es sich um eine lokale Entscheidung handelt, wird die Debatte im Kontext eines breiteren politischen Kampfes gesehen. F\u00fcr viele Aktivistinnen und Aktivisten steht die Pride-Kreuzung stellvertretend f\u00fcr eine gr\u00f6\u00dfere Frage: Wessen Geschichten, Identit\u00e4ten und Rechte d\u00fcrfen im \u00f6ffentlichen Raum sichtbar sein?<\/p>\n\n\n\n<p>Longs leidenschaftliche Intervention zeigt, dass es um mehr geht als um Asphaltmarkierungen \u2013 es geht um die Werte, die eine Gesellschaft sichtbar macht oder unsichtbar werden l\u00e4sst.<\/p>\n\n\n\n<p>Radio QueerLive<br>News Redaktion<\/p>\n","protected":false},"excerpt":{"rendered":"<div class=\"mh-excerpt\">In den USA spitzt sich die Auseinandersetzung um Symbole der Inklusion und Sichtbarkeit weiter zu.J\u00fcngst stand dabei die Entfernung einer Pride-Kreuzung im Zentrum politischer Diskussionen \u2013 ein Vorhaben, das nach Ansicht vieler Kritiker weniger mit <a class=\"mh-excerpt-more\" href=\"https:\/\/www.queerlive.de\/?p=2812\" title=\"Politische Debatte um Pride-Symbole: Longs Rede gegen DeSantis\u2019 Agenda\">[&#8230;]<\/a><\/div>\n","protected":false},"author":1,"featured_media":2813,"comment_status":"closed","ping_status":"open","sticky":false,"template":"","format":"standard","meta":{"_coblocks_attr":"","_coblocks_dimensions":"","_coblocks_responsive_height":"","_coblocks_accordion_ie_support":"","footnotes":""},"categories":[8],"tags":[],"class_list":["post-2812","post","type-post","status-publish","format-standard","has-post-thumbnail","category-nachrichten-international"],"_links":{"self":[{"href":"https:\/\/www.queerlive.de\/index.php?rest_route=\/wp\/v2\/posts\/2812","targetHints":{"allow":["GET"]}}],"collection":[{"href":"https:\/\/www.queerlive.de\/index.php?rest_route=\/wp\/v2\/posts"}],"about":[{"href":"https:\/\/www.queerlive.de\/index.php?rest_route=\/wp\/v2\/types\/post"}],"author":[{"embeddable":true,"href":"https:\/\/www.queerlive.de\/index.php?rest_route=\/wp\/v2\/users\/1"}],"replies":[{"embeddable":true,"href":"https:\/\/www.queerlive.de\/index.php?rest_route=%2Fwp%2Fv2%2Fcomments&post=2812"}],"version-history":[{"count":1,"href":"https:\/\/www.queerlive.de\/index.php?rest_route=\/wp\/v2\/posts\/2812\/revisions"}],"predecessor-version":[{"id":2815,"href":"https:\/\/www.queerlive.de\/index.php?rest_route=\/wp\/v2\/posts\/2812\/revisions\/2815"}],"wp:featuredmedia":[{"embeddable":true,"href":"https:\/\/www.queerlive.de\/index.php?rest_route=\/wp\/v2\/media\/2813"}],"wp:attachment":[{"href":"https:\/\/www.queerlive.de\/index.php?rest_route=%2Fwp%2Fv2%2Fmedia&parent=2812"}],"wp:term":[{"taxonomy":"category","embeddable":true,"href":"https:\/\/www.queerlive.de\/index.php?rest_route=%2Fwp%2Fv2%2Fcategories&post=2812"},{"taxonomy":"post_tag","embeddable":true,"href":"https:\/\/www.queerlive.de\/index.php?rest_route=%2Fwp%2Fv2%2Ftags&post=2812"}],"curies":[{"name":"wp","href":"https:\/\/api.w.org\/{rel}","templated":true}]}}