{"id":2826,"date":"2025-08-26T10:56:12","date_gmt":"2025-08-26T08:56:12","guid":{"rendered":"https:\/\/www.queerlive.de\/?p=2826"},"modified":"2025-08-26T10:56:16","modified_gmt":"2025-08-26T08:56:16","slug":"wenn-solidaritaet-zur-spaltung-fuehrt-queers-for-palestine-und-die-absage-der-ottawa-pride-parade","status":"publish","type":"post","link":"https:\/\/www.queerlive.de\/?p=2826","title":{"rendered":"Wenn Solidarit\u00e4t zur Spaltung f\u00fchrt: \u201eQueers for Palestine\u201c und die Absage der Ottawa Pride Parade"},"content":{"rendered":"\n<p>Die Pride-Bewegung versteht sich seit Jahrzehnten als ein Raum der Sichtbarkeit, der Solidarit\u00e4t und der Vielfalt. Sie will ein Fest der Freude, des Widerstands gegen Unterdr\u00fcckung und der gegenseitigen Unterst\u00fctzung sein. Umso gr\u00f6\u00dfer ist die Entt\u00e4uschung, dass die diesj\u00e4hrige Pride Parade in Ottawa abgebrochen werden musste \u2013 ausgel\u00f6st durch eine Blockade der Gruppe \u201eQueers for Palestine\u201c (Q4P).<\/p>\n\n\n\n<p>Die Aktivisten hatten gefordert, dass die Organisatoren der Parade den Widerstand gegen den Krieg im Gazastreifen zu einer ihrer Priorit\u00e4ten machen. Als diese Forderung nicht erf\u00fcllt wurde, blockierten die Demonstranten den Zug. Die Veranstalter sahen sich angesichts der eskalierenden Situation gezwungen, die Parade vollst\u00e4ndig abzusagen. Zwar fanden andere Pride-Feierlichkeiten in Ottawa wie geplant statt, doch die Parade \u2013 der sichtbarste und wichtigste Teil \u2013 fiel aus.<\/p>\n\n\n\n<p>B\u00fcrgermeister Mark Sutcliffe nannte die Entwicklungen \u201ezutiefst bedauerlich\u201c. Er erinnerte daran, dass Pride vor allem ein Fest der Freude, der Widerstandskraft und der Gemeinschaft sei \u2013 und dass vielen Menschen in Ottawa dieser Moment genommen wurde.<\/p>\n\n\n\n<p>Vereinnahmung statt Solidarit\u00e4t?<\/p>\n\n\n\n<p>Die Aktion von Q4P wirft grunds\u00e4tzliche Fragen auf. Darf eine Gruppe eine Veranstaltung, die der queeren Sichtbarkeit gewidmet ist, blockieren, um eine politische Agenda durchzusetzen, die \u00fcber die Kernanliegen der LGBTQ+-Community hinausgeht?<\/p>\n\n\n\n<p>Die Forderung, den Nahost-Konflikt ins Zentrum einer Pride-Demonstration zu r\u00fccken, wirkt paradox. Gerade in Gaza und vielen Teilen der pal\u00e4stinensischen Gebiete sind queere Menschen mit massiver Unterdr\u00fcckung und Gewalt konfrontiert. Liebe offen zu zeigen \u2013 sei es auf der Stra\u00dfe oder in einer Parade \u2013 ist dort nicht m\u00f6glich, ohne Gefahr f\u00fcr Leib und Leben. Wer in westlichen L\u00e4ndern die Pride f\u00fcr \u201ePro-Pal\u00e4stina\u201c-Botschaften instrumentalisiert, vereinnahmt somit auch jene Stimmen, die im Gazastreifen selbst keine Stimme haben.<\/p>\n\n\n\n<p>Das Dilemma der Pride-Bewegung<\/p>\n\n\n\n<p>Die Pride-Bewegung ist seit jeher politisch, weil sie den Kampf gegen Diskriminierung und f\u00fcr gleiche Rechte f\u00fchrt. Doch sie war auch immer ein Ort, an dem Unterschiede ausgehalten und Vielfalt gefeiert werden konnten. Wenn nun externe politische Konflikte auf die B\u00fchne dr\u00e4ngen und das eigentliche Ziel \u00fcberlagern, droht die Pride selbst zu zerbrechen.<\/p>\n\n\n\n<p>Die Absage der Parade in Ottawa ist ein Warnsignal: Wenn Aktivismus in Vereinnahmung umschl\u00e4gt, verliert man die gemeinsame Basis. An die Stelle von Solidarit\u00e4t tritt Spaltung.<\/p>\n\n\n\n<p>Ein Appell an die Community<\/p>\n\n\n\n<p>Queere Menschen weltweit brauchen sichere R\u00e4ume, um sichtbar zu sein und zu feiern \u2013 gerade dort, wo das sonst unm\u00f6glich ist. Es ist ein Widerspruch, eine Pride-Parade im freien Kanada zu blockieren, w\u00e4hrend Menschen in Gaza nicht einmal Hand in Hand \u00fcber eine Stra\u00dfe gehen k\u00f6nnen, ohne Gewalt zu riskieren.<\/p>\n\n\n\n<p>Die Pride darf nicht zum Austragungsort geopolitischer Stellvertreterkonflikte werden. Sie ist ein Ort der queeren Emanzipation \u2013 und muss es auch bleiben. Nur so kann sie ihrem eigentlichen Ziel treu bleiben: ein Fest der Liebe, der Vielfalt und der Freiheit.<\/p>\n\n\n\n<p>Radio QueerLive<br>News Redaktion<\/p>\n","protected":false},"excerpt":{"rendered":"<div class=\"mh-excerpt\">Die Pride-Bewegung versteht sich seit Jahrzehnten als ein Raum der Sichtbarkeit, der Solidarit\u00e4t und der Vielfalt. Sie will ein Fest der Freude, des Widerstands gegen Unterdr\u00fcckung und der gegenseitigen Unterst\u00fctzung sein. Umso gr\u00f6\u00dfer ist die <a class=\"mh-excerpt-more\" href=\"https:\/\/www.queerlive.de\/?p=2826\" title=\"Wenn Solidarit\u00e4t zur Spaltung f\u00fchrt: \u201eQueers for Palestine\u201c und die Absage der Ottawa Pride Parade\">[&#8230;]<\/a><\/div>\n","protected":false},"author":1,"featured_media":2744,"comment_status":"closed","ping_status":"open","sticky":false,"template":"","format":"standard","meta":{"_coblocks_attr":"","_coblocks_dimensions":"","_coblocks_responsive_height":"","_coblocks_accordion_ie_support":"","footnotes":""},"categories":[8],"tags":[],"class_list":["post-2826","post","type-post","status-publish","format-standard","has-post-thumbnail","category-nachrichten-international"],"_links":{"self":[{"href":"https:\/\/www.queerlive.de\/index.php?rest_route=\/wp\/v2\/posts\/2826","targetHints":{"allow":["GET"]}}],"collection":[{"href":"https:\/\/www.queerlive.de\/index.php?rest_route=\/wp\/v2\/posts"}],"about":[{"href":"https:\/\/www.queerlive.de\/index.php?rest_route=\/wp\/v2\/types\/post"}],"author":[{"embeddable":true,"href":"https:\/\/www.queerlive.de\/index.php?rest_route=\/wp\/v2\/users\/1"}],"replies":[{"embeddable":true,"href":"https:\/\/www.queerlive.de\/index.php?rest_route=%2Fwp%2Fv2%2Fcomments&post=2826"}],"version-history":[{"count":1,"href":"https:\/\/www.queerlive.de\/index.php?rest_route=\/wp\/v2\/posts\/2826\/revisions"}],"predecessor-version":[{"id":2827,"href":"https:\/\/www.queerlive.de\/index.php?rest_route=\/wp\/v2\/posts\/2826\/revisions\/2827"}],"wp:featuredmedia":[{"embeddable":true,"href":"https:\/\/www.queerlive.de\/index.php?rest_route=\/wp\/v2\/media\/2744"}],"wp:attachment":[{"href":"https:\/\/www.queerlive.de\/index.php?rest_route=%2Fwp%2Fv2%2Fmedia&parent=2826"}],"wp:term":[{"taxonomy":"category","embeddable":true,"href":"https:\/\/www.queerlive.de\/index.php?rest_route=%2Fwp%2Fv2%2Fcategories&post=2826"},{"taxonomy":"post_tag","embeddable":true,"href":"https:\/\/www.queerlive.de\/index.php?rest_route=%2Fwp%2Fv2%2Ftags&post=2826"}],"curies":[{"name":"wp","href":"https:\/\/api.w.org\/{rel}","templated":true}]}}