{"id":2847,"date":"2025-08-26T12:00:00","date_gmt":"2025-08-26T10:00:00","guid":{"rendered":"https:\/\/www.queerlive.de\/?p=2847"},"modified":"2025-08-26T11:23:47","modified_gmt":"2025-08-26T09:23:47","slug":"bunte-sichtbarkeit-in-luzern-und-winterthur-zwei-erfolgreiche-pride-anlaesse-ohne-stoeraktionen","status":"publish","type":"post","link":"https:\/\/www.queerlive.de\/?p=2847","title":{"rendered":"Bunte Sichtbarkeit in Luzern und Winterthur: Zwei erfolgreiche Pride-Anl\u00e4sse ohne St\u00f6raktionen"},"content":{"rendered":"\n<p>Am vergangenen Samstag feierten gleich zwei Schweizer St\u00e4dte die queere Vielfalt: In Luzern zogen rund 2000 Menschen an der vierten Pride Zentralschweiz durch die Innenstadt, w\u00e4hrend Winterthur erstmals seinen eigenen Christopher Street Day (CSD Winti) erlebte \u2013 mit rund 600 Teilnehmenden. Die zuvor angek\u00fcndigten St\u00f6raktionen von rechtsaussen und christlich-fundamentalistischer Seite blieben gl\u00fccklicherweise aus.<\/p>\n\n\n\n<p>Winterthur feiert seine erste Pride<\/p>\n\n\n\n<p>In der zweitgr\u00f6ssten Stadt des Kantons Z\u00fcrich wurde mit dem CSD Winti ein neues Kapitel queerer Sichtbarkeit aufgeschlagen. Nach Reden am Neumarkt setzte sich am Nachmittag ein Demonstrationszug durch die Altstadt in Bewegung. Die Botschaft war klar: Neben dem Feiern von Vielfalt und Liebe stand der Einsatz f\u00fcr gleiche Rechte im Zentrum.<\/p>\n\n\n\n<p>Die Abschlusskundgebung am Neumarkt rundete den Anlass ab. Polizei wie auch Veranstaltende zogen ein positives Fazit. Trotz Drohungen und Aufrufen zu St\u00f6raktionen im Vorfeld \u2013 etwa \u00fcber die Plattform \u201eSzene ish Winti\u201c \u2013 verlief alles friedlich. Dank eines sorgf\u00e4ltig ausgearbeiteten Sicherheitskonzepts in enger Zusammenarbeit mit der Polizei konnte der Anlass sicher durchgef\u00fchrt werden. Auf Instagram zeigten sich die Organisatoren erfreut und hoffnungsvoll: Man w\u00fcnsche sich, auch 2026 wieder einen CSD in Winterthur auf die Beine stellen zu k\u00f6nnen.<\/p>\n\n\n\n<p>Luzern: Die Night Pride als besonderes Erlebnis<\/p>\n\n\n\n<p>Bereits zum vierten Mal fand zeitgleich die Pride Zentralschweiz in Luzern statt. Neu startete das Pride-Festival im V\u00f6gelig\u00e4rtli, wo Besucherinnen und Besucher ein vielf\u00e4ltiges kulturelles Programm und politische Reden erwarteten \u2013 unter anderem vom Luzerner Stadtpr\u00e4sidenten Beat Z\u00fcsli.<\/p>\n\n\n\n<p>Ein besonderes Merkmal der Luzerner Pride ist die Demonstration in den Abendstunden, die sogenannte Night Pride. Rund 2000 Menschen zogen mit Musik und Regenbogenfahnen vom Festivalgel\u00e4nde \u00fcber die Bahnhofstrasse und die Seebr\u00fccke zum Weinmarkt, durch die Altstadt bis zum L\u00f6wenplatz. Dort endete der Umzug, der nahtlos in die Pride Afterparty im Bourbaki \u00fcberging und bis in die fr\u00fchen Morgenstunden andauerte.<\/p>\n\n\n\n<p>Ein starkes Zeichen f\u00fcr die Zukunft<\/p>\n\n\n\n<p>Die beiden Anl\u00e4sse in Luzern und Winterthur zeigen: Die Pride-Bewegung in der Schweiz w\u00e4chst weiter \u2013 und sie l\u00e4sst sich nicht einsch\u00fcchtern. Trotz Drohkulisse blieben die Paraden friedlich, bunt und lautstark. Sie haben damit nicht nur queere Sichtbarkeit gest\u00e4rkt, sondern auch ein Signal ausgesendet: Vielfalt, Freiheit und Gleichberechtigung sind Werte, die es zu verteidigen gilt.<\/p>\n\n\n\n<p>Radio QueerLive<br>News Redaktion<\/p>\n","protected":false},"excerpt":{"rendered":"<div class=\"mh-excerpt\">Am vergangenen Samstag feierten gleich zwei Schweizer St\u00e4dte die queere Vielfalt: In Luzern zogen rund 2000 Menschen an der vierten Pride Zentralschweiz durch die Innenstadt, w\u00e4hrend Winterthur erstmals seinen eigenen Christopher Street Day (CSD Winti) <a class=\"mh-excerpt-more\" href=\"https:\/\/www.queerlive.de\/?p=2847\" title=\"Bunte Sichtbarkeit in Luzern und Winterthur: Zwei erfolgreiche Pride-Anl\u00e4sse ohne St\u00f6raktionen\">[&#8230;]<\/a><\/div>\n","protected":false},"author":1,"featured_media":2123,"comment_status":"closed","ping_status":"open","sticky":false,"template":"","format":"standard","meta":{"_coblocks_attr":"","_coblocks_dimensions":"","_coblocks_responsive_height":"","_coblocks_accordion_ie_support":"","footnotes":""},"categories":[7],"tags":[],"class_list":["post-2847","post","type-post","status-publish","format-standard","has-post-thumbnail","category-nachrichten-europa"],"_links":{"self":[{"href":"https:\/\/www.queerlive.de\/index.php?rest_route=\/wp\/v2\/posts\/2847","targetHints":{"allow":["GET"]}}],"collection":[{"href":"https:\/\/www.queerlive.de\/index.php?rest_route=\/wp\/v2\/posts"}],"about":[{"href":"https:\/\/www.queerlive.de\/index.php?rest_route=\/wp\/v2\/types\/post"}],"author":[{"embeddable":true,"href":"https:\/\/www.queerlive.de\/index.php?rest_route=\/wp\/v2\/users\/1"}],"replies":[{"embeddable":true,"href":"https:\/\/www.queerlive.de\/index.php?rest_route=%2Fwp%2Fv2%2Fcomments&post=2847"}],"version-history":[{"count":1,"href":"https:\/\/www.queerlive.de\/index.php?rest_route=\/wp\/v2\/posts\/2847\/revisions"}],"predecessor-version":[{"id":2848,"href":"https:\/\/www.queerlive.de\/index.php?rest_route=\/wp\/v2\/posts\/2847\/revisions\/2848"}],"wp:featuredmedia":[{"embeddable":true,"href":"https:\/\/www.queerlive.de\/index.php?rest_route=\/wp\/v2\/media\/2123"}],"wp:attachment":[{"href":"https:\/\/www.queerlive.de\/index.php?rest_route=%2Fwp%2Fv2%2Fmedia&parent=2847"}],"wp:term":[{"taxonomy":"category","embeddable":true,"href":"https:\/\/www.queerlive.de\/index.php?rest_route=%2Fwp%2Fv2%2Fcategories&post=2847"},{"taxonomy":"post_tag","embeddable":true,"href":"https:\/\/www.queerlive.de\/index.php?rest_route=%2Fwp%2Fv2%2Ftags&post=2847"}],"curies":[{"name":"wp","href":"https:\/\/api.w.org\/{rel}","templated":true}]}}