{"id":2895,"date":"2025-09-03T12:02:21","date_gmt":"2025-09-03T10:02:21","guid":{"rendered":"https:\/\/www.queerlive.de\/?p=2895"},"modified":"2025-09-03T12:02:22","modified_gmt":"2025-09-03T10:02:22","slug":"crash-vor-schwulenclubs-in-san-jose-ueberschattet-pride-jubilaeum","status":"publish","type":"post","link":"https:\/\/www.queerlive.de\/?p=2895","title":{"rendered":"Crash vor Schwulenclubs in San Jos\u00e9 \u00fcberschattet Pride-Jubil\u00e4um"},"content":{"rendered":"\n<p>Am vergangenen Donnerstagabend kam es in San Jos\u00e9, Kalifornien, zu einem Zwischenfall, der die Feierlichkeiten zum 50. Pride-Jubil\u00e4um der Stadt beinahe \u00fcberschattet h\u00e4tte: Ein Autofahrer durchbrach mit seinem wei\u00dfen Lexus die Absperrungen vor zwei bekannten Schwulenclubs der Innenstadt \u2013 nur einen Tag vor Beginn der offiziellen Pride-Parade. Wie durch ein Wunder wurden dabei keine Fu\u00dfg\u00e4nger verletzt.<\/p>\n\n\n\n<p>Der Vorfall<\/p>\n\n\n\n<p>Laut Augenzeugen habe der Fahrer zun\u00e4chst versucht, Zutritt zur beliebten Schwulenbar Splash zu bekommen. \u201eEr war offensichtlich betrunken\u201c, schilderte Mitarbeiterin Jacqueline Correa dem Sender KTVU. \u201eAls wir ihn nicht hineinlie\u00dfen, zeigte er uns den Mittelfinger und ging zur\u00fcck zu seinem Auto.\u201c Kurz darauf soll er die Kontrolle \u00fcber das Fahrzeug verloren und die Absperrungen durchbrochen haben.<\/p>\n\n\n\n<p>Die Polizei behandelt den Fall bislang als mutma\u00dflichen Unfall unter Alkoholeinfluss. Hinweise auf ein gezielt homophobes Motiv gebe es nicht. Reporter vor Ort vermuten dennoch, dass der Vorfall durch eine Mischung aus Zur\u00fcckweisung und Rachegef\u00fchlen ausgel\u00f6st worden sein k\u00f6nnte. Der Fahrer und seine Beifahrerin wurden schwer verletzt ins Krankenhaus gebracht.<\/p>\n\n\n\n<p>Sch\u00e4den an Symbolen des Pride<\/p>\n\n\n\n<p>Der Crash hinterlie\u00df sichtbare Spuren: Die Motorhaube des Fahrzeugs wurde v\u00f6llig zerst\u00f6rt, Fenster gingen zu Bruch und Wasser trat aus besch\u00e4digten W\u00e4nden aus. Besonders schmerzhaft f\u00fcr die Community: Reifenspuren verw\u00fcsteten ein frisch enth\u00fclltes Regenbogen-Stra\u00dfenkunstwerk, das den Auftakt des Pride-Wochenendes markieren sollte. \u201eIch habe schon viele Schl\u00e4gereien gesehen\u201c, sagte Correa. \u201eAber noch nie, dass ein Auto als Waffe eingesetzt wurde. Das war wirklich verr\u00fcckt.\u201c<\/p>\n\n\n\n<p>Unersch\u00fctterliche Pride-Feier<\/p>\n\n\n\n<p>Trotz des Zwischenfalls lie\u00df sich die queere Community von San Jos\u00e9 nicht einsch\u00fcchtern. \u201eUnsere Pl\u00e4ne f\u00fcr das Wochenende bleiben bestehen\u201c, betonte Jonathon Esparza, Veranstaltungskoordinator der Splash Bar, gegen\u00fcber KRON4. Und so setzte sich die Parade fort \u2013 wenn auch in kleinerem Rahmen als in fr\u00fcheren Jahren.<\/p>\n\n\n\n<p>Denn die diesj\u00e4hrigen Feierlichkeiten standen ohnehin unter schwierigen Vorzeichen: Spenden und Sponsoren gingen um rund 50 Prozent zur\u00fcck. Dennoch blieb das Motto klar und k\u00e4mpferisch: \u201eUnstoppable\u201c \u2013 unaufhaltsam.<\/p>\n\n\n\n<p>\u201eWir haben unser Thema bewusst gew\u00e4hlt, weil unsere Gemeinschaft so unersch\u00fctterlich ist\u201c, erkl\u00e4rte Nicole Denson, CEO von Silicon Valley Pride, im Gespr\u00e4ch mit KABC. \u201eUnsere Rechte werden zur\u00fcckgedr\u00e4ngt, geschlechtergerechte Gesundheitsversorgung wird in Frage gestellt, Ehegleichheit wird bedroht. Und trotzdem stehen wir hier.\u201c<\/p>\n\n\n\n<p>Botschaft der St\u00e4rke<\/p>\n\n\n\n<p>Auch Paradeg\u00e4ste sahen den Vorfall nicht als R\u00fcckschlag, sondern als Best\u00e4tigung f\u00fcr die Bedeutung des Pride. Teilnehmerin Caitlin Morrison formulierte es so: \u201eWir waren schon immer hier. Daran wird sich nichts \u00e4ndern. Egal, was passiert \u2013 es wird uns gut gehen.\u201c<\/p>\n\n\n\n<p>So wurde der Unfall, so be\u00e4ngstigend er auch war, am Ende zu einem weiteren Beweis daf\u00fcr, wie stark, sichtbar und widerstandsf\u00e4hig die LGBTQ+-Community von San Jos\u00e9 ist \u2013 auch 50 Jahre nach ihrem allerersten Pride.<\/p>\n\n\n\n<p>Radio QueerLive<br>News Redaktion<\/p>\n","protected":false},"excerpt":{"rendered":"<div class=\"mh-excerpt\">Am vergangenen Donnerstagabend kam es in San Jos\u00e9, Kalifornien, zu einem Zwischenfall, der die Feierlichkeiten zum 50. Pride-Jubil\u00e4um der Stadt beinahe \u00fcberschattet h\u00e4tte: Ein Autofahrer durchbrach mit seinem wei\u00dfen Lexus die Absperrungen vor zwei bekannten <a class=\"mh-excerpt-more\" href=\"https:\/\/www.queerlive.de\/?p=2895\" title=\"Crash vor Schwulenclubs in San Jos\u00e9 \u00fcberschattet Pride-Jubil\u00e4um\">[&#8230;]<\/a><\/div>\n","protected":false},"author":1,"featured_media":2896,"comment_status":"closed","ping_status":"open","sticky":false,"template":"","format":"standard","meta":{"_coblocks_attr":"","_coblocks_dimensions":"","_coblocks_responsive_height":"","_coblocks_accordion_ie_support":"","footnotes":""},"categories":[8],"tags":[],"class_list":["post-2895","post","type-post","status-publish","format-standard","has-post-thumbnail","category-nachrichten-international"],"_links":{"self":[{"href":"https:\/\/www.queerlive.de\/index.php?rest_route=\/wp\/v2\/posts\/2895","targetHints":{"allow":["GET"]}}],"collection":[{"href":"https:\/\/www.queerlive.de\/index.php?rest_route=\/wp\/v2\/posts"}],"about":[{"href":"https:\/\/www.queerlive.de\/index.php?rest_route=\/wp\/v2\/types\/post"}],"author":[{"embeddable":true,"href":"https:\/\/www.queerlive.de\/index.php?rest_route=\/wp\/v2\/users\/1"}],"replies":[{"embeddable":true,"href":"https:\/\/www.queerlive.de\/index.php?rest_route=%2Fwp%2Fv2%2Fcomments&post=2895"}],"version-history":[{"count":1,"href":"https:\/\/www.queerlive.de\/index.php?rest_route=\/wp\/v2\/posts\/2895\/revisions"}],"predecessor-version":[{"id":2897,"href":"https:\/\/www.queerlive.de\/index.php?rest_route=\/wp\/v2\/posts\/2895\/revisions\/2897"}],"wp:featuredmedia":[{"embeddable":true,"href":"https:\/\/www.queerlive.de\/index.php?rest_route=\/wp\/v2\/media\/2896"}],"wp:attachment":[{"href":"https:\/\/www.queerlive.de\/index.php?rest_route=%2Fwp%2Fv2%2Fmedia&parent=2895"}],"wp:term":[{"taxonomy":"category","embeddable":true,"href":"https:\/\/www.queerlive.de\/index.php?rest_route=%2Fwp%2Fv2%2Fcategories&post=2895"},{"taxonomy":"post_tag","embeddable":true,"href":"https:\/\/www.queerlive.de\/index.php?rest_route=%2Fwp%2Fv2%2Ftags&post=2895"}],"curies":[{"name":"wp","href":"https:\/\/api.w.org\/{rel}","templated":true}]}}