{"id":2960,"date":"2025-09-30T13:36:29","date_gmt":"2025-09-30T11:36:29","guid":{"rendered":"https:\/\/www.queerlive.de\/?p=2960"},"modified":"2025-09-30T13:38:45","modified_gmt":"2025-09-30T11:38:45","slug":"%e2%9d%a4%ef%b8%8f%f0%9f%a7%a1%f0%9f%92%9b-philipp-und-tom-%f0%9f%92%9a%f0%9f%92%99%f0%9f%92%9c-75","status":"publish","type":"post","link":"https:\/\/www.queerlive.de\/?p=2960","title":{"rendered":"\u2764\ufe0f\ud83e\udde1\ud83d\udc9b Philipp und Tom \ud83d\udc9a\ud83d\udc99\ud83d\udc9c (75)"},"content":{"rendered":"\n<p>Radio QueerLive \u2013 Eine Berliner Liebesgeschichte<\/p>\n\n\n\n<p>Teil 75<\/p>\n\n\n\n<p>&#8222;Tarnzelt, Tracker, Bratpfanne&#8220;<\/p>\n\n\n\n<p>Samstagmittag im Prenzlauer Berg. Philipp stellt zwei Tassen auf den Couchtisch, Tom f\u00fcllt nach. Lukas und Jonas sitzen nebeneinander, die Knie wippen nerv\u00f6s.<\/p>\n\n\n\n<p>\u201eIrgendwie sind unsere M\u00fctter\u2026 ruhig\u201c, sagt Lukas und kneift die Augen zusammen.<br>\u201eVerd\u00e4chtig ruhig\u201c, erg\u00e4nzt Jonas. \u201eKein Kontrollanruf seit drei Tagen. Das ist nicht normal.\u201c<\/p>\n\n\n\n<p>Philipp grinst schief. \u201eWenn Helikopterm\u00fctter leise werden, planen sie gerade die Landung auf deinem Kopf.\u201c<br>Tom nickt. \u201eWas habt ihr vor?\u201c<\/p>\n\n\n\n<p>\u201eTest\u201c, sagt Lukas. \u201eWir laden sie morgen zu euch zum Kaffee ein. Und dann sagen wir: Wir fahren eine Woche in die Slowakei. Zelten. Berge. Null Empfang.\u201c<br>Philipp verschluckt sich fast. \u201eZelten. Eine Woche.\u201c<br>Tom hebt den Daumen. \u201eAbenteuer! Oder Katastrophe. Fifty-fifty.\u201c<\/p>\n\n\n\n<p>\u231a<br>Sonntagskaffee \u2013 und Pokerfaces<\/p>\n\n\n\n<p>Die M\u00fctter sitzen an Philipps K\u00fcchentisch, die L\u00f6ffel klirren. Lukas r\u00e4uspert sich.<br>\u201eMama, Jonas und ich\u2026 wir m\u00f6chten n\u00e4chste Woche in die Slowakei. Zelten. Nur wir zwei. Also, mit Philipp und Tom zusammen.\u201c<br>Philipp blinzelt. \u201e\u00c4hm\u2014\u201c<br>Tom l\u00e4chelt s\u00e4uerlich. \u201eSurprise.\u201c<\/p>\n\n\n\n<p>Mutter Lukas l\u00e4chelt so breit, dass es fast knackt. \u201eWie\u2026 abenteuerlich. Ganz toll.\u201c<br>Mutter Jonas nickt steif. \u201eJa. Toller Plan. Ganz toll.\u201c<br>Philipp fl\u00fcstert zu Tom: \u201eIhre Augen sagen \u2018Nein\u2019, ihre M\u00fcnder sagen \u2018Ja\u2019.\u201c<br>Tom fl\u00fcstert zur\u00fcck: \u201eIhre Gehirne sagen \u2018Operation \u00dcberwachung\u2019.\u201c<\/p>\n\n\n\n<p>Kaum sind die M\u00fctter aus der Wohnung, bleiben sie unten im Hausflur stehen.<br>\u201eGPS-Tracker an die Rucks\u00e4cke.\u201c<br>\u201eTarnzelt in den Kofferraum.\u201c<br>\u201eWir fahren hinterher.\u201c<br>\u201eNat\u00fcrlich fahren wir hinterher. Da gibt es B\u00e4ren und W\u00f6lfe.\u201c<br>Beide schauen sich an. &#8222;WIR FAHREN.&#8220; Kam es gleichzeitig von beiden M\u00fcttern.<\/p>\n\n\n\n<p>\u231a<br>Die lange Anreise<\/p>\n\n\n\n<p>Eine Woche sp\u00e4ter. 16 Stunden Zug von Berlin Richtung slowakische Berge, dann zwei rumpelige Busfahrten. Am Ende: Tannen, Fels, Bachrauschen, ein Himmel so blau, dass es wehtut.<\/p>\n\n\n\n<p>Philipp stemmt die H\u00e4nde in die H\u00fcften. \u201eOkay. Sch\u00f6n. Zu sch\u00f6n.\u201c<br>Tom klappt das Zelt auf. \u201eIch baue, du staunst.\u201c<br>Lukas und Jonas tragen Holz, lachen, knutschen, lachen wieder.<\/p>\n\n\n\n<p>F\u00fcnfhundert Meter weiter, getarnt zwischen Fichten: ein olivgr\u00fcnes Tarnzelt.<br>Zwei M\u00fctter lugen heraus, Feldstecher im Anschlag.<\/p>\n\n\n\n<img loading=\"lazy\" decoding=\"async\" width=\"1536\" height=\"1024\" class=\"gb-media-8afff765\" alt=\"\" src=\"https:\/\/www.queerlive.de\/wp-content\/uploads\/2025\/09\/FB_IMG_1759232036919.avif\" title=\"FB_IMG_1759232036919\" srcset=\"https:\/\/www.queerlive.de\/wp-content\/uploads\/2025\/09\/FB_IMG_1759232036919.avif 1536w, https:\/\/www.queerlive.de\/wp-content\/uploads\/2025\/09\/FB_IMG_1759232036919-300x200.avif 300w, https:\/\/www.queerlive.de\/wp-content\/uploads\/2025\/09\/FB_IMG_1759232036919-1024x683.avif 1024w, https:\/\/www.queerlive.de\/wp-content\/uploads\/2025\/09\/FB_IMG_1759232036919-768x512.avif 768w\" sizes=\"auto, (max-width: 1536px) 100vw, 1536px\" \/>\n\n\n\n<p>\u201eHab sie im Blick\u201c, zischt Mutter Jonas. \u201eSie trinken aus Metallbechern. Schmeckt bestimmt ekelhaft.\u201c<br>\u201eIch mache Fr\u00fchst\u00fcck\u201c, fl\u00fcstert Mutter Lukas und wedelt mit einer Brotdose. \u201eUnsere Kinder sollen nicht verhungern.\u201c<\/p>\n\n\n\n<p>\u231a<br>Das \u201eGeisterfr\u00fchst\u00fcck\u201c<\/p>\n\n\n\n<p>Morgengrauen. Vor dem Zelt der Jungs steht ein Tablett mit frischem Brot, K\u00e4se, Obst.<br>Jonas blinzelt. \u201eWeckt mich. Ich tr\u00e4ume.\u201c<br>Lukas schnuppert. \u201eDas riecht wie zuhause.\u201c<br>Tom kaut und sagt mit vollem Mund: \u201eVielleicht gibt\u2019s hier nette Bauern.\u201c<br>Philipp kneift die Augen zusammen. \u201eOder sehr organisierte Waldgeister.\u201c<\/p>\n\n\n\n<img loading=\"lazy\" decoding=\"async\" width=\"1536\" height=\"1024\" class=\"gb-media-85d8f52b\" alt=\"\" src=\"https:\/\/www.queerlive.de\/wp-content\/uploads\/2025\/09\/FB_IMG_1759232039880.avif\" title=\"FB_IMG_1759232039880\" srcset=\"https:\/\/www.queerlive.de\/wp-content\/uploads\/2025\/09\/FB_IMG_1759232039880.avif 1536w, https:\/\/www.queerlive.de\/wp-content\/uploads\/2025\/09\/FB_IMG_1759232039880-300x200.avif 300w, https:\/\/www.queerlive.de\/wp-content\/uploads\/2025\/09\/FB_IMG_1759232039880-1024x683.avif 1024w, https:\/\/www.queerlive.de\/wp-content\/uploads\/2025\/09\/FB_IMG_1759232039880-768x512.avif 768w\" sizes=\"auto, (max-width: 1536px) 100vw, 1536px\" \/>\n\n\n\n<p>Abends: Ein Topf dampfendes Gulasch vor dem Zelt.<br>Jonas jauchzt. \u201eDas ist genau mein Lieblingsessen!\u201c<br>Philipp starrt in den Topf. \u201eDas ist verd\u00e4chtig spezifisch.\u201c<\/p>\n\n\n\n<p>Am n\u00e4chsten Morgen: wieder Fr\u00fchst\u00fcck.<br>Tom deutet auf eine Marmelade. \u201eSelbstgemacht. Etikett mit Herzchen. Waldgeister mit Herzchen\u2014klar.\u201c<\/p>\n\n\n\n<p>\ud83e\udd8e Naturwunder<\/p>\n\n\n\n<p>Tags\u00fcber stapfen sie \u00fcber moosige Pfade, entdecken seltene Eidechsen, ein Feuersalamander huscht \u00fcber nasses Laub, oben zieht ein Schwarzstorch seine Kreise.<\/p>\n\n\n\n<p>\u201eDas ist irre sch\u00f6n\u201c, sagt Lukas leise.<br>\u201eUnd erstaunlich friedlich\u201c, erg\u00e4nzt Jonas.<br>Philipp l\u00e4chelt. \u201eManchmal passiert nichts Schlimmes. Nur Gutes. Mein Willi fehlt mir.\u201c<br>Tom hebt warnend den Finger. \u201eSag das nicht zu laut. Das Universum h\u00f6rt mit.\u201c<\/p>\n\n\n\n<p>Der B\u00e4r<\/p>\n\n\n\n<p>Mittagsschlaf, Tag drei. Die Zeltt\u00fcr bleibt offen. Die F\u00fc\u00dfe von Lukas und Jonas schauen raus\u2014 die Zehen in der Sonne.<\/p>\n\n\n\n<p>Ein B\u00e4r trottet aus dem Wald, er ahnte nichts B\u00f6ses. Schwer, neugierig, schnupperte er in der Luft und n\u00e4herte sich den vier Jungs. Erst am Rucksack. Dann an den Socken. Dann an den Zehen.<\/p>\n\n\n\n<p>\u201eHh\u2014hatschi\u2026\u201c, fl\u00fcstert Jonas im Halbschlaf.<br>Der B\u00e4r h\u00e4lt inne.<\/p>\n\n\n\n<img loading=\"lazy\" decoding=\"async\" width=\"1536\" height=\"1024\" class=\"gb-media-996b2251\" alt=\"\" src=\"https:\/\/www.queerlive.de\/wp-content\/uploads\/2025\/09\/FB_IMG_1759232042877.avif\" title=\"FB_IMG_1759232042877\" srcset=\"https:\/\/www.queerlive.de\/wp-content\/uploads\/2025\/09\/FB_IMG_1759232042877.avif 1536w, https:\/\/www.queerlive.de\/wp-content\/uploads\/2025\/09\/FB_IMG_1759232042877-300x200.avif 300w, https:\/\/www.queerlive.de\/wp-content\/uploads\/2025\/09\/FB_IMG_1759232042877-1024x683.avif 1024w, https:\/\/www.queerlive.de\/wp-content\/uploads\/2025\/09\/FB_IMG_1759232042877-768x512.avif 768w\" sizes=\"auto, (max-width: 1536px) 100vw, 1536px\" \/>\n\n\n\n<p>KLONG!<\/p>\n\n\n\n<p>Aus dem Tarnzelt schie\u00dfen die beiden M\u00fctter, jede mit einer Bratpfanne bewaffnet.<br>KLATSCH! BUMM! \u2013 zwei perfekte Treffer auf den B\u00e4renkopf.<\/p>\n\n\n\n<p>Stille. Der B\u00e4r kippt um. Ohnmacht.<\/p>\n\n\n\n<p>Lukas schie\u00dft hoch, Jonas hinterher. \u201eWAS ZUM\u2014MAMA?!\u201c<br>Philipp starrt. \u201eMeine G\u00fcte.\u201c<br>Tom reibt sich die Augen. \u201eDas ist nicht real. Das ist eine Netflix-Parodie.\u201c<\/p>\n\n\n\n<p>Mutter Lukas keucht: \u201eWir haben euch das Leben gerettet!\u201c<br>Mutter Jonas strahlt. \u201eDer B\u00e4r wollte deine F\u00fc\u00dfe essen, Jonas!\u201c<br>Der B\u00e4r blinzelt, richtet sich taumelnd auf, glotzt die Bratpfannen an\u2014und rennt, als h\u00e4tte ihn der Blitz getroffen.<\/p>\n\n\n\n<p>Der Bruch<\/p>\n\n\n\n<p>\u201eIhr habt uns verfolgt!\u201c, schreit Lukas.<br>\u201eIhr habt GPS-Tracker benutzt!\u201c, setzt Jonas nach.<br>Philipp zeigt auf den Topf. \u201eUnd ihr habt uns gef\u00fcttert wie Wald-Wellensittiche!\u201c<br>Tom deutet auf die Pfannen. \u201eUnd ihr habt einen B\u00e4ren ausgeknockt! Mit K\u00fcchenware!\u201c<\/p>\n\n\n\n<p>Die M\u00fctter stehen da wie zwei angefressene Eichen.<br>\u201eWir wollten euch besch\u00fctzen\u201c, fl\u00fcstert Mutter Jonas.<br>\u201eVor B\u00e4ren. Vor Hunger. Vor allem\u201c, sagt Mutter Lukas.<\/p>\n\n\n\n<p>\u201eVor Erwachsenwerden, meinen Sie\u201c, sagt Philipp ruhig.<br>Tom atmet aus. \u201eDas hier ist Urlaub. Nicht Bew\u00e4hrungsstrafe.\u201c<\/p>\n\n\n\n<p>Noch in der Nacht l\u00f6sen Jonas und Lukas die kleinen Tracker von ihren Rucks\u00e4cken.<br>Lukas grinst. \u201eAchtung, Rache der Next Generation.\u201c<br>Jonas nickt und klebt die Dinger an die Sto\u00dfstange eines klapprigen Dorflasters mit ungarischen Kennzeichen. &#8222;Gute Fahrt.&#8220;<\/p>\n\n\n\n<p>Am Morgen jagen zwei M\u00fctter im Kleinwagen einem Traktor mit Heuballen hinterher, entschlossen wie Geheimagentinnen auf Verfolgungsjagd\u2014nur in langsam aber auf jeden Fall mit einem Ziel in Ungarn.<\/p>\n\n\n\n<p>Endlich Ruhe<\/p>\n\n\n\n<img loading=\"lazy\" decoding=\"async\" width=\"1536\" height=\"1024\" class=\"gb-media-f0c5b05f\" alt=\"\" src=\"https:\/\/www.queerlive.de\/wp-content\/uploads\/2025\/09\/FB_IMG_1759232045729.avif\" title=\"FB_IMG_1759232045729\" srcset=\"https:\/\/www.queerlive.de\/wp-content\/uploads\/2025\/09\/FB_IMG_1759232045729.avif 1536w, https:\/\/www.queerlive.de\/wp-content\/uploads\/2025\/09\/FB_IMG_1759232045729-300x200.avif 300w, https:\/\/www.queerlive.de\/wp-content\/uploads\/2025\/09\/FB_IMG_1759232045729-1024x683.avif 1024w, https:\/\/www.queerlive.de\/wp-content\/uploads\/2025\/09\/FB_IMG_1759232045729-768x512.avif 768w\" sizes=\"auto, (max-width: 1536px) 100vw, 1536px\" \/>\n\n\n\n<p>Die Woche geh\u00f6rt wieder den Vieren.<br>Lagerfeuer knistert, Sterne explodieren am Himmel, der Bach erz\u00e4hlt Geschichten.<\/p>\n\n\n\n<p>\u201eJetzt ist es Urlaub\u201c, murmelt Jonas und lehnt den Kopf an Lukas\u2019 Schulter.<br>\u201eJetzt ist es Leben\u201c, antwortet Lukas.<\/p>\n\n\n\n<p>Philipp schaut ins Feuer. \u201eIch hab ein bisschen Mitleid mit dem B\u00e4ren.\u201c<br>Tom nippt am Tee. \u201eIch mit den Pfannen.\u201c<\/p>\n\n\n\n<p>Sie lachen, lange und leise, und niemand taucht pl\u00f6tzlich aus einem Tarnzelt auf.<\/p>\n\n\n\n<p>Ende Teil 75<br>Morgen geht\u2019s weiter \u2013 20:00 Uhr.<\/p>\n","protected":false},"excerpt":{"rendered":"<div class=\"mh-excerpt\">Radio QueerLive \u2013 Eine Berliner Liebesgeschichte Teil 75 &#8222;Tarnzelt, Tracker, Bratpfanne&#8220; Samstagmittag im Prenzlauer Berg. Philipp stellt zwei Tassen auf den Couchtisch, Tom f\u00fcllt nach. Lukas und Jonas sitzen nebeneinander, die Knie wippen nerv\u00f6s. \u201eIrgendwie <a class=\"mh-excerpt-more\" href=\"https:\/\/www.queerlive.de\/?p=2960\" title=\"\u2764\ufe0f\ud83e\udde1\ud83d\udc9b Philipp und Tom \ud83d\udc9a\ud83d\udc99\ud83d\udc9c (75)\">[&#8230;]<\/a><\/div>\n","protected":false},"author":1,"featured_media":2961,"comment_status":"closed","ping_status":"open","sticky":false,"template":"","format":"standard","meta":{"_coblocks_attr":"","_coblocks_dimensions":"","_coblocks_responsive_height":"","_coblocks_accordion_ie_support":"","footnotes":""},"categories":[34],"tags":[],"class_list":["post-2960","post","type-post","status-publish","format-standard","has-post-thumbnail","category-philipp-und-tom"],"_links":{"self":[{"href":"https:\/\/www.queerlive.de\/index.php?rest_route=\/wp\/v2\/posts\/2960","targetHints":{"allow":["GET"]}}],"collection":[{"href":"https:\/\/www.queerlive.de\/index.php?rest_route=\/wp\/v2\/posts"}],"about":[{"href":"https:\/\/www.queerlive.de\/index.php?rest_route=\/wp\/v2\/types\/post"}],"author":[{"embeddable":true,"href":"https:\/\/www.queerlive.de\/index.php?rest_route=\/wp\/v2\/users\/1"}],"replies":[{"embeddable":true,"href":"https:\/\/www.queerlive.de\/index.php?rest_route=%2Fwp%2Fv2%2Fcomments&post=2960"}],"version-history":[{"count":2,"href":"https:\/\/www.queerlive.de\/index.php?rest_route=\/wp\/v2\/posts\/2960\/revisions"}],"predecessor-version":[{"id":2968,"href":"https:\/\/www.queerlive.de\/index.php?rest_route=\/wp\/v2\/posts\/2960\/revisions\/2968"}],"wp:featuredmedia":[{"embeddable":true,"href":"https:\/\/www.queerlive.de\/index.php?rest_route=\/wp\/v2\/media\/2961"}],"wp:attachment":[{"href":"https:\/\/www.queerlive.de\/index.php?rest_route=%2Fwp%2Fv2%2Fmedia&parent=2960"}],"wp:term":[{"taxonomy":"category","embeddable":true,"href":"https:\/\/www.queerlive.de\/index.php?rest_route=%2Fwp%2Fv2%2Fcategories&post=2960"},{"taxonomy":"post_tag","embeddable":true,"href":"https:\/\/www.queerlive.de\/index.php?rest_route=%2Fwp%2Fv2%2Ftags&post=2960"}],"curies":[{"name":"wp","href":"https:\/\/api.w.org\/{rel}","templated":true}]}}