{"id":2993,"date":"2025-10-03T20:00:00","date_gmt":"2025-10-03T18:00:00","guid":{"rendered":"https:\/\/www.queerlive.de\/?p=2993"},"modified":"2025-10-03T19:58:37","modified_gmt":"2025-10-03T17:58:37","slug":"2993","status":"publish","type":"post","link":"https:\/\/www.queerlive.de\/?p=2993","title":{"rendered":"\u2764\ufe0f\ud83e\udde1\ud83d\udc9b Philipp und Tom \ud83d\udc9a\ud83d\udc99\ud83d\udc9c(79)"},"content":{"rendered":"\n<p>Radio QueerLive  \u2013 eine Berliner Liebesgeschichte<\/p>\n\n\n\n<p>Teil 79<\/p>\n\n\n\n<p>\u201eWaschsalon &amp; Geheimnisse\u201c<\/p>\n\n\n\n<p>\u201eTom?\u201c, rief Philipp aus dem Schlafzimmer. \u201eDie Waschmaschine klingt, als w\u00fcrde sie gleich durch den Boden krachen!\u201c<\/p>\n\n\n\n<p>Tom stand vor dem alten Ger\u00e4t, das r\u00f6hrte und vibrierte, als ob es gleich abheben w\u00fcrde. Dann machte es nur noch klack-klack-klack \u2013 und Stille.<br>\u201eSie ist tot\u201c, seufzte Tom. \u201eRuhe in Frieden.\u201c<\/p>\n\n\n\n<p>Philipp schlug die H\u00e4nde \u00fcber dem Kopf zusammen. \u201eDas hei\u00dft\u2026 keine frischen Socken mehr?\u201c<\/p>\n\n\n\n<p>Tom sah ihn ernst an. \u201eDas hei\u00dft: Waschsalon.\u201c<\/p>\n\n\n\n<p>Philipp riss die Augen auf. \u201eDa geh ich nicht hin! Die Leute da starren die ganze Zeit in ihre Trommel, als w\u00e4r\u2019s die Glaskugel von einer Wahrsagerin. Das ist doch gruselig!\u201c<\/p>\n\n\n\n<p>\u201eDann bleib eben hier\u201c, meinte Tom trocken, griff sich zwei gro\u00dfe Taschen und packte sie voll. \u201eIch mach das schon.\u201c<\/p>\n\n\n\n<p>\u231a Einen Tag sp\u00e4ter<\/p>\n\n\n\n<p>Am n\u00e4chsten Tag bereitete Philipp Fr\u00fchst\u00fcck. Stolz stellte er Br\u00f6tchen, Marmelade, Kaffee und sogar einen kleinen Obstteller auf den Tisch. Doch Tom setzte sich nicht. Er stopfte einfach alles in eine Tasche.<\/p>\n\n\n\n<p>\u201eMoment mal!\u201c Philipp stemmte die H\u00e4nde in die H\u00fcften. \u201eDas ist mein Fr\u00fchst\u00fcck! Wo willst du damit hin?\u201c<\/p>\n\n\n\n<p>\u201eWaschsalon\u201c, sagte Tom gelassen.<\/p>\n\n\n\n<p>Philipp blinzelte. \u201eDu willst deine Unterhosen mit Br\u00f6tchen f\u00fcttern?!\u201c<\/p>\n\n\n\n<p>Tom grinste geheimnisvoll, schulterte die Tasche und ging.<\/p>\n\n\n\n<p>\u231a<\/p>\n\n\n\n<p>Am dritten Tag dieselbe Szene. Philipp platzte fast.<\/p>\n\n\n\n<p>\u201eSag mal, bist du in den Waschsalon verliebt? Jeden Tag dasselbe! Fr\u00fchst\u00fcck einpacken, Tasche schnappen, tsch\u00fcss. Ich hab extra im Schrank nachgeguckt \u2013 da ist alles sauber. Wir haben gar keine dreckige W\u00e4sche mehr!\u201c<\/p>\n\n\n\n<p>Tom hob eine Augenbraue. \u201eDu \u00fcbertreibst.\u201c<\/p>\n\n\n\n<p>\u201e\u00dcbertreibe ich?!\u201c Philipp lief ihm hinterher. \u201eDu hast heute fr\u00fch sogar zwei \u00c4pfel poliert! Seit wann nimmst du Vitamine mit in den Waschsalon?\u201c<\/p>\n\n\n\n<p>Tom sch\u00fcttelte nur den Kopf, murmelte ein \u201eDu spinnst\u201c, und war weg.<\/p>\n\n\n\n<p>\u231a<\/p>\n\n\n\n<p>Philipp blieb allein im Flur zur\u00fcck, starrte die T\u00fcr an und murmelte: \u201eSehr verd\u00e4chtig. Entweder er hat eine heimliche Waschsalon-Bekanntschaft\u2026 oder er w\u00e4scht die Socken der Nachbarschaft schwarz. Morgen\u2026 folge ich ihm.\u201c<\/p>\n\n\n\n<p>\u231a Am n\u00e4chsten Tag.<\/p>\n\n\n\n<p>Tom packte wieder Fr\u00fchst\u00fcck, diesmal sogar K\u00e4se und zwei Croissants. Philipp sah ihm mit verengten Augen nach, dann schnappte er sich heimlich seine Jacke. \u201eHeute wird das Mysterium gel\u00fcftet.\u201c<\/p>\n\n\n\n<p>Er folgte Tom mit einigem Abstand bis zum Waschsalon. Durch das Schaufenster sah er ihn \u2013 und sein Herz machte einen Sprung.<\/p>\n\n\n\n<img loading=\"lazy\" decoding=\"async\" width=\"1536\" height=\"1024\" class=\"gb-media-2ca37ada\" alt=\"\" src=\"https:\/\/www.queerlive.de\/wp-content\/uploads\/2025\/10\/FB_IMG_1759514029358.avif\" title=\"FB_IMG_1759514029358\" srcset=\"https:\/\/www.queerlive.de\/wp-content\/uploads\/2025\/10\/FB_IMG_1759514029358.avif 1536w, https:\/\/www.queerlive.de\/wp-content\/uploads\/2025\/10\/FB_IMG_1759514029358-300x200.avif 300w, https:\/\/www.queerlive.de\/wp-content\/uploads\/2025\/10\/FB_IMG_1759514029358-1024x683.avif 1024w, https:\/\/www.queerlive.de\/wp-content\/uploads\/2025\/10\/FB_IMG_1759514029358-768x512.avif 768w\" sizes=\"auto, (max-width: 1536px) 100vw, 1536px\" \/>\n\n\n\n<p>Da sa\u00df Tom. Neben ihm ein junger Typ, h\u00f6chstens 20, mit roten Haaren. Sie fr\u00fchst\u00fcckten zusammen. Tom wuschelte ihm lachend durch die Haare. Und dann \u2013 der Junge legte den Kopf an Toms Schulter.<\/p>\n\n\n\n<p>Philipps Herz raste. \u201eErtappt!\u201c, fl\u00fcsterte er. Und st\u00fcrmte rein.<\/p>\n\n\n\n<p>\u231a Aufl\u00f6sung mit Krach<\/p>\n\n\n\n<img loading=\"lazy\" decoding=\"async\" width=\"1536\" height=\"1024\" class=\"gb-media-a54b357a\" alt=\"\" src=\"https:\/\/www.queerlive.de\/wp-content\/uploads\/2025\/10\/FB_IMG_1759514032115.avif\" title=\"FB_IMG_1759514032115\" srcset=\"https:\/\/www.queerlive.de\/wp-content\/uploads\/2025\/10\/FB_IMG_1759514032115.avif 1536w, https:\/\/www.queerlive.de\/wp-content\/uploads\/2025\/10\/FB_IMG_1759514032115-300x200.avif 300w, https:\/\/www.queerlive.de\/wp-content\/uploads\/2025\/10\/FB_IMG_1759514032115-1024x683.avif 1024w, https:\/\/www.queerlive.de\/wp-content\/uploads\/2025\/10\/FB_IMG_1759514032115-768x512.avif 768w\" sizes=\"auto, (max-width: 1536px) 100vw, 1536px\" \/>\n\n\n\n<p>\u201eAch, da seid ihr ja!\u201c, rief er laut, die H\u00e4nde in die H\u00fcften gestemmt. \u201eNa, was f\u00fcr eine gem\u00fctliche Fr\u00fchst\u00fccksrunde!\u201c<\/p>\n\n\n\n<p>Der junge Typ fuhr erschrocken hoch, sprang auf und starrte Philipp an wie ein Kaninchen im Scheinwerferlicht. Dann rannte er raus \u2013 fast so schnell wie Willi, wenn er im Terrarium eine Heuschrecke jagt.<\/p>\n\n\n\n<p>\u201ePhilipp!\u201c, rief Tom entsetzt. \u201eWas sollte das denn?!\u201c<\/p>\n\n\n\n<p>Philipp stampfte auf. \u201eNa was wohl! Wer ist das? Rote Haare, jung, lehnt an deiner Schulter\u2026 Soll ich noch mehr sagen?\u201c<\/p>\n\n\n\n<p>Tom fuhr sich genervt durchs Haar. \u201eDas war Paul. Er ist zwanzig. Er hat sich gerade erst geoutet \u2013 und seine Familie hat ihn rausgeworfen. Er ist obdachlos, Philipp! Er kommt hierher, weil es warm ist und weil er irgendwo sitzen kann. Ich bring ihm Fr\u00fchst\u00fcck, damit er nicht ganz allein ist.\u201c<\/p>\n\n\n\n<p>Philipp verstummte. Sein Blick wurde weich. \u201eOh\u2026\u201c Er schluckte schwer. \u201eTom, ich\u2026 das wusste ich nicht.\u201c<\/p>\n\n\n\n<p>\u231a Am n\u00e4chsten Morgen.<\/p>\n\n\n\n<p>Tom blieb zuhause. \u201eIch geh nicht. Du hast Paul bestimmt vergrault.\u201c<\/p>\n\n\n\n<p>Philipp f\u00fchlte sich furchtbar. Er packte selbst ein Fr\u00fchst\u00fcck und ging zum Waschsalon. Tats\u00e4chlich \u2013 Paul sa\u00df da, ganz allein.<\/p>\n\n\n\n<img loading=\"lazy\" decoding=\"async\" width=\"1536\" height=\"1024\" class=\"gb-media-45dba312\" alt=\"\" src=\"https:\/\/www.queerlive.de\/wp-content\/uploads\/2025\/10\/FB_IMG_1759514034839.avif\" title=\"FB_IMG_1759514034839\" srcset=\"https:\/\/www.queerlive.de\/wp-content\/uploads\/2025\/10\/FB_IMG_1759514034839.avif 1536w, https:\/\/www.queerlive.de\/wp-content\/uploads\/2025\/10\/FB_IMG_1759514034839-300x200.avif 300w, https:\/\/www.queerlive.de\/wp-content\/uploads\/2025\/10\/FB_IMG_1759514034839-1024x683.avif 1024w, https:\/\/www.queerlive.de\/wp-content\/uploads\/2025\/10\/FB_IMG_1759514034839-768x512.avif 768w\" sizes=\"auto, (max-width: 1536px) 100vw, 1536px\" \/>\n\n\n\n<p>\u201eHey\u201c, sagte Philipp leise und setzte sich neben ihn. \u201eIch\u2026 ich hab gestern Mist gebaut. Tut mir leid.\u201c<\/p>\n\n\n\n<p>Paul sah ihn an, vorsichtig, dann l\u00e4chelte er zaghaft. \u201eSie haben Gl\u00fcck. Tom ist\u2026 ein guter Freund.\u201c<\/p>\n\n\n\n<p>Philipp packte das Fr\u00fchst\u00fcck aus. \u201eWir sind beide ein bisschen chaotisch, aber\u2026 willst du nicht mitessen?\u201c<\/p>\n\n\n\n<p>Paul nickte.<\/p>\n\n\n\n<p>Da knallte pl\u00f6tzlich die T\u00fcr auf. Tom kam hereingest\u00fcrmt, v\u00f6llig au\u00dfer Atem. \u201ePaul, sorry, ich bin zu sp\u00e4t\u2026\u201c<br>Dann sah er Philipp, wie er den Tisch gedeckt hatte. Philipp grinste nur.<\/p>\n\n\n\n<p>\u201eTja, diesmal hab ich mich um Paul gek\u00fcmmert.\u201c<\/p>\n\n\n\n<p>Paul lachte leise. \u201eIhr seid echt verr\u00fcckt. Aber irgendwie\u2026 s\u00fc\u00df.\u201c<\/p>\n\n\n\n<p>Die drei fr\u00fchst\u00fcckten gemeinsam. Und irgendwann meinte Philipp: \u201eWei\u00dft du was, Paul? Wir haben noch ein drittes Zimmer. Bleib doch ein paar Tage bei uns. Bis du wieder auf die Beine kommst.\u201c<\/p>\n\n\n\n<p>Paul schaute beide an, mit gl\u00e4nzenden Augen. \u201eEcht? Ihr w\u00fcrdet das machen?\u201c<\/p>\n\n\n\n<p>Tom und Philipp nickten gleichzeitig.<\/p>\n\n\n\n<p>Und w\u00e4hrend drau\u00dfen die Waschmaschinen rumpelten, begann im Waschsalon eine kleine neue WG-Geschichte.<\/p>\n\n\n\n<p>Ende Teil 79<\/p>\n\n\n\n<p>Am Montag geht&#8217;s weiter um 30.00 Uhr<\/p>\n","protected":false},"excerpt":{"rendered":"<div class=\"mh-excerpt\">Radio QueerLive \u2013 eine Berliner Liebesgeschichte Teil 79 \u201eWaschsalon &amp; Geheimnisse\u201c \u201eTom?\u201c, rief Philipp aus dem Schlafzimmer. \u201eDie Waschmaschine klingt, als w\u00fcrde sie gleich durch den Boden krachen!\u201c Tom stand vor dem alten Ger\u00e4t, das <a class=\"mh-excerpt-more\" href=\"https:\/\/www.queerlive.de\/?p=2993\" title=\"\u2764\ufe0f\ud83e\udde1\ud83d\udc9b Philipp und Tom \ud83d\udc9a\ud83d\udc99\ud83d\udc9c(79)\">[&#8230;]<\/a><\/div>\n","protected":false},"author":1,"featured_media":2994,"comment_status":"closed","ping_status":"open","sticky":false,"template":"","format":"standard","meta":{"_coblocks_attr":"","_coblocks_dimensions":"","_coblocks_responsive_height":"","_coblocks_accordion_ie_support":"","footnotes":""},"categories":[34],"tags":[],"class_list":["post-2993","post","type-post","status-publish","format-standard","has-post-thumbnail","category-philipp-und-tom"],"_links":{"self":[{"href":"https:\/\/www.queerlive.de\/index.php?rest_route=\/wp\/v2\/posts\/2993","targetHints":{"allow":["GET"]}}],"collection":[{"href":"https:\/\/www.queerlive.de\/index.php?rest_route=\/wp\/v2\/posts"}],"about":[{"href":"https:\/\/www.queerlive.de\/index.php?rest_route=\/wp\/v2\/types\/post"}],"author":[{"embeddable":true,"href":"https:\/\/www.queerlive.de\/index.php?rest_route=\/wp\/v2\/users\/1"}],"replies":[{"embeddable":true,"href":"https:\/\/www.queerlive.de\/index.php?rest_route=%2Fwp%2Fv2%2Fcomments&post=2993"}],"version-history":[{"count":2,"href":"https:\/\/www.queerlive.de\/index.php?rest_route=\/wp\/v2\/posts\/2993\/revisions"}],"predecessor-version":[{"id":3000,"href":"https:\/\/www.queerlive.de\/index.php?rest_route=\/wp\/v2\/posts\/2993\/revisions\/3000"}],"wp:featuredmedia":[{"embeddable":true,"href":"https:\/\/www.queerlive.de\/index.php?rest_route=\/wp\/v2\/media\/2994"}],"wp:attachment":[{"href":"https:\/\/www.queerlive.de\/index.php?rest_route=%2Fwp%2Fv2%2Fmedia&parent=2993"}],"wp:term":[{"taxonomy":"category","embeddable":true,"href":"https:\/\/www.queerlive.de\/index.php?rest_route=%2Fwp%2Fv2%2Fcategories&post=2993"},{"taxonomy":"post_tag","embeddable":true,"href":"https:\/\/www.queerlive.de\/index.php?rest_route=%2Fwp%2Fv2%2Ftags&post=2993"}],"curies":[{"name":"wp","href":"https:\/\/api.w.org\/{rel}","templated":true}]}}