{"id":3002,"date":"2025-10-06T20:40:57","date_gmt":"2025-10-06T18:40:57","guid":{"rendered":"https:\/\/www.queerlive.de\/?p=3002"},"modified":"2025-10-06T20:40:58","modified_gmt":"2025-10-06T18:40:58","slug":"%e2%9d%a4%ef%b8%8f%f0%9f%a7%a1%f0%9f%92%9b-philipp-und-tom-%f0%9f%92%9a%f0%9f%92%99%f0%9f%92%9c-80","status":"publish","type":"post","link":"https:\/\/www.queerlive.de\/?p=3002","title":{"rendered":"\u2764\ufe0f\ud83e\udde1\ud83d\udc9b Philipp und Tom \ud83d\udc9a\ud83d\udc99\ud83d\udc9c (80)"},"content":{"rendered":"\n<p>Radio QueerLive \u2013 eine Berliner Liebesgeschichte<\/p>\n\n\n\n<p>Teil 80<\/p>\n\n\n\n<p>\u201eChaos in der Backstube\u201c<\/p>\n\n\n\n<p>\u201eAlso\u201c, begann Jonas mit ernstem Gesicht, \u201eich wollte Lukas mit einem selbstgebackenen Kuchen \u00fcberraschen. So richtig romantisch, wie in den Filmen.\u201c<br>Philipp grinste: \u201eDas klingt super! Aber\u2026 \u00e4h\u2026 kannst du \u00fcberhaupt backen?\u201c<br>Jonas verschr\u00e4nkte die Arme: \u201eNa klar. Also\u2026 theoretisch.\u201c<\/p>\n\n\n\n<p>Tom, der auf dem Sofa lag und Kaffee schl\u00fcrfte, murmelte trocken: \u201eDas wird ein Desaster. Ich seh\u2019s schon. Ach und bevor ich es vergesse, f\u00fcr mich hat mich niemand einen Kuchen gebacken.\u201c<\/p>\n\n\n\n<p>Aber Philipp war sofort Feuer und Flamme, allerdings unerh\u00f6rte er Tom seine Bemerkung: \u201eIch helf dir! Wir machen einen Liebeskuchen! Lukas wird dahinschmelzen!\u201c<br>Jonas nickte unsicher. \u201eOkay\u2026 aber nix Verr\u00fccktes, ja?\u201c<\/p>\n\n\n\n<p>Philipp schaute Jonas fragend an. &#8222;Ich mache doch nichts Verr\u00fccktes.&#8220; Er grinste.<\/p>\n\n\n\n<p>In der K\u00fcche<\/p>\n\n\n\n<p>Philipp w\u00fchlte sofort in den Schr\u00e4nken. \u201eMehl? Check. Zucker? Check. Eier? Check. Willi?\u201c<br>In dem Moment kroch der blaue Baumwaran aus dem Terrarium und starrte neugierig auf die R\u00fchrsch\u00fcssel.<\/p>\n\n\n\n<p>\u201eNein, Willi\u201c, ermahnte Tom von weitem, \u201edu naschst hier nix!\u201c<\/p>\n\n\n\n<p>Willi streckte demonstrativ seine lange Zunge raus, tschk, und schnappte sich einen Zuckerkorn vom Tisch. Jonas prustete los: \u201eDer ist schlimmer als Philipp!\u201c<\/p>\n\n\n\n<p>Tom lachte. &#8222;Dazu sage ich nichts.&#8220;<\/p>\n\n\n\n<p>Philipp ignorierte die Bemerkung und kippte eine Ladung Mehl in die Sch\u00fcssel. Eine kleine Staubwolke verwandelte die K\u00fcche in eine Winterlandschaft. Jonas hustete: \u201eSag mal, hast du das schon mal gemacht?\u201c<br>\u201eNat\u00fcrlich\u201c, behauptete Philipp, \u201ebei Oma. Also\u2026 naja\u2026 zugeschaut.\u201c<\/p>\n\n\n\n<p>Auch Willi war wei\u00df aber er nutzte den Moment und leckte mit einem schlapp quer \u00fcber den Rand der Sch\u00fcssel.<\/p>\n\n\n\n<p><br>\u201eWILLI!\u201c br\u00fcllten alle gleichzeitig. Der Waran glotzte unschuldig zur\u00fcck.<\/p>\n\n\n\n<p>Erste Katastrophe<\/p>\n\n\n\n<p>Jonas wollte Eier trennen \u2013 doch das Eigelb platschte mitten auf den Tisch.<br>\u201eMist!\u201c fluchte er.<br>Philipp kicherte: \u201eDas sieht aus wie moderne Kunst. Stell\u2019s ins Museum.\u201c<\/p>\n\n\n\n<p>Tom steckte den Kopf in die K\u00fcche. \u201eIch hab gesagt, es wird ein Desaster. Soll ich gleich das THW oder doch die Feuerwehr rufen?\u201c<\/p>\n\n\n\n<p>Jonas knurrte: \u201eHau ab, Tom!\u201c<br>Willi nutzte die Gelegenheit und schleckte gen\u00fcsslich am zerlaufenen Eigelb.<\/p>\n\n\n\n<img loading=\"lazy\" decoding=\"async\" width=\"1536\" height=\"1024\" class=\"gb-media-66397515\" alt=\"\" src=\"https:\/\/www.queerlive.de\/wp-content\/uploads\/2025\/10\/FB_IMG_1759775730253.avif\" title=\"FB_IMG_1759775730253\" srcset=\"https:\/\/www.queerlive.de\/wp-content\/uploads\/2025\/10\/FB_IMG_1759775730253.avif 1536w, https:\/\/www.queerlive.de\/wp-content\/uploads\/2025\/10\/FB_IMG_1759775730253-300x200.avif 300w, https:\/\/www.queerlive.de\/wp-content\/uploads\/2025\/10\/FB_IMG_1759775730253-1024x683.avif 1024w, https:\/\/www.queerlive.de\/wp-content\/uploads\/2025\/10\/FB_IMG_1759775730253-768x512.avif 768w\" sizes=\"auto, (max-width: 1536px) 100vw, 1536px\" \/>\n\n\n\n<p>Der Ofen-Moment<\/p>\n\n\n\n<p>Nach einer Stunde Chaos stand tats\u00e4chlich ein Kuchen im Ofen.<br>\u201eWow\u201c, staunte Jonas, \u201edas sieht ja gar nicht mal so schlecht aus!\u201c<br>Philipp nickte stolz. \u201eSiehst du? Backgenie!\u201c<\/p>\n\n\n\n<p>In diesem Moment zog Willi einen kleinen Zungenschlenzer direkt in die Sch\u00fcssel mit Sahne, die Jonas f\u00fcrs Topping vorbereitet hatte. Schlurp!<\/p>\n\n\n\n<img loading=\"lazy\" decoding=\"async\" width=\"1536\" height=\"1024\" class=\"gb-media-fdf4fe08\" alt=\"\" src=\"https:\/\/www.queerlive.de\/wp-content\/uploads\/2025\/10\/FB_IMG_1759775735670.avif\" title=\"FB_IMG_1759775735670\" srcset=\"https:\/\/www.queerlive.de\/wp-content\/uploads\/2025\/10\/FB_IMG_1759775735670.avif 1536w, https:\/\/www.queerlive.de\/wp-content\/uploads\/2025\/10\/FB_IMG_1759775735670-300x200.avif 300w, https:\/\/www.queerlive.de\/wp-content\/uploads\/2025\/10\/FB_IMG_1759775735670-1024x683.avif 1024w, https:\/\/www.queerlive.de\/wp-content\/uploads\/2025\/10\/FB_IMG_1759775735670-768x512.avif 768w\" sizes=\"auto, (max-width: 1536px) 100vw, 1536px\" \/>\n\n\n\n<p>Jonas erstarrte. \u201eHAT DER GERADE\u2014?!\u201c<br>Philipp grinste: \u201eNa, bisschen Extra-Geschmack schadet nicht\u2026\u201c<br>Jonas explodierte: \u201eGEHT\u2019S NOCH?! Das ist f\u00fcr Lukas! Ich\u2026 ich raste gleich aus!\u201c<\/p>\n\n\n\n<p>Er stampfte auf den Boden, die Mehlwolke stob noch einmal auf, und Jonas\u2019 Gesicht war kalkwei\u00df bepudert.<\/p>\n\n\n\n<p>Jonas nahm den Kuchen raus mit einem Handtuch. &#8222;Alles fertig f\u00fcr meinen Lukas.&#8220;<\/p>\n\n\n\n<p>Philipp kramte in der Schublade nach der Grillgabel. &#8222;Wir m\u00fcssen den anstechen, ob er drinnen trocken ist.&#8220;<\/p>\n\n\n\n<p>Die Idee fand Jonas nicht gut aber es war zu sp\u00e4t. Philipp stach mit der Grillgabel in den Kuchen. Der Kuchen wiederum fiel in sich zusammen und war platt wie ein Eierkuchen.<br>Jonas war einer Ohnmacht nah und h\u00e4tte heulen k\u00f6nnen.<\/p>\n\n\n\n<p>Das Ende vom Back-Drama<\/p>\n\n\n\n<p>Tom kam grinsend in die K\u00fcche: \u201eIch hab noch nie jemanden so sauer gesehen wegen Sahne. Oh ist das ein Eierkuchen?\u201c<br>Jonas br\u00fcllte: \u201eDas war nicht nur Sahne, das war meine Liebe in einer Sch\u00fcssel!\u201c<\/p>\n\n\n\n<p>Philipp kicherte, packte Willi auf die Schulter und sagte: \u201eKomm, Willi, wir holen einen K\u00e4sekuchen vom B\u00e4cker. Ist eh sicherer.\u201c<br>Mit einem letzten Blick auf den v\u00f6llig zerlegten Jonas zog er die Wohnungst\u00fcr hinter sich zu.<\/p>\n\n\n\n<p>Jonas st\u00f6hnte: \u201eWenn der K\u00e4sekuchen nicht perfekt ist, dreh ich durch.\u201c<br>Tom grinste zufrieden: \u201eNa, dann viel Spa\u00df. Willkommen im echten Beziehungsalltag.\u201c<\/p>\n\n\n\n<img loading=\"lazy\" decoding=\"async\" width=\"1536\" height=\"1024\" class=\"gb-media-3e18ea5e\" alt=\"\" src=\"https:\/\/www.queerlive.de\/wp-content\/uploads\/2025\/10\/FB_IMG_1759775738911.avif\" title=\"FB_IMG_1759775738911\" srcset=\"https:\/\/www.queerlive.de\/wp-content\/uploads\/2025\/10\/FB_IMG_1759775738911.avif 1536w, https:\/\/www.queerlive.de\/wp-content\/uploads\/2025\/10\/FB_IMG_1759775738911-300x200.avif 300w, https:\/\/www.queerlive.de\/wp-content\/uploads\/2025\/10\/FB_IMG_1759775738911-1024x683.avif 1024w, https:\/\/www.queerlive.de\/wp-content\/uploads\/2025\/10\/FB_IMG_1759775738911-768x512.avif 768w\" sizes=\"auto, (max-width: 1536px) 100vw, 1536px\" \/>\n\n\n\n<p>Drei\u00dfig Minuten sp\u00e4ter sa\u00df auch Lukas mit den Anderen am Tisch. Aber was ist das?<br>Philipp hatte einen K\u00e4sekuchen und eine Dresdner Eierschecke gekauft. Er grinste Tom an. &#8222;F\u00fcr den besten Psychologen hier auf der Geschlossenen.&#8220;<\/p>\n\n\n\n<p>Alle lachten und Lukas k\u00fcsste Jonas.<\/p>\n\n\n\n<p>Ende von Teil 80<\/p>\n\n\n\n<p>Morgen geht&#8217;s weiter um 20 Uhr<\/p>\n","protected":false},"excerpt":{"rendered":"<div class=\"mh-excerpt\">Radio QueerLive \u2013 eine Berliner Liebesgeschichte Teil 80 \u201eChaos in der Backstube\u201c \u201eAlso\u201c, begann Jonas mit ernstem Gesicht, \u201eich wollte Lukas mit einem selbstgebackenen Kuchen \u00fcberraschen. So richtig romantisch, wie in den Filmen.\u201cPhilipp grinste: \u201eDas <a class=\"mh-excerpt-more\" href=\"https:\/\/www.queerlive.de\/?p=3002\" title=\"\u2764\ufe0f\ud83e\udde1\ud83d\udc9b Philipp und Tom \ud83d\udc9a\ud83d\udc99\ud83d\udc9c (80)\">[&#8230;]<\/a><\/div>\n","protected":false},"author":1,"featured_media":3003,"comment_status":"closed","ping_status":"open","sticky":false,"template":"","format":"standard","meta":{"_coblocks_attr":"","_coblocks_dimensions":"","_coblocks_responsive_height":"","_coblocks_accordion_ie_support":"","footnotes":""},"categories":[34],"tags":[],"class_list":["post-3002","post","type-post","status-publish","format-standard","has-post-thumbnail","category-philipp-und-tom"],"_links":{"self":[{"href":"https:\/\/www.queerlive.de\/index.php?rest_route=\/wp\/v2\/posts\/3002","targetHints":{"allow":["GET"]}}],"collection":[{"href":"https:\/\/www.queerlive.de\/index.php?rest_route=\/wp\/v2\/posts"}],"about":[{"href":"https:\/\/www.queerlive.de\/index.php?rest_route=\/wp\/v2\/types\/post"}],"author":[{"embeddable":true,"href":"https:\/\/www.queerlive.de\/index.php?rest_route=\/wp\/v2\/users\/1"}],"replies":[{"embeddable":true,"href":"https:\/\/www.queerlive.de\/index.php?rest_route=%2Fwp%2Fv2%2Fcomments&post=3002"}],"version-history":[{"count":1,"href":"https:\/\/www.queerlive.de\/index.php?rest_route=\/wp\/v2\/posts\/3002\/revisions"}],"predecessor-version":[{"id":3007,"href":"https:\/\/www.queerlive.de\/index.php?rest_route=\/wp\/v2\/posts\/3002\/revisions\/3007"}],"wp:featuredmedia":[{"embeddable":true,"href":"https:\/\/www.queerlive.de\/index.php?rest_route=\/wp\/v2\/media\/3003"}],"wp:attachment":[{"href":"https:\/\/www.queerlive.de\/index.php?rest_route=%2Fwp%2Fv2%2Fmedia&parent=3002"}],"wp:term":[{"taxonomy":"category","embeddable":true,"href":"https:\/\/www.queerlive.de\/index.php?rest_route=%2Fwp%2Fv2%2Fcategories&post=3002"},{"taxonomy":"post_tag","embeddable":true,"href":"https:\/\/www.queerlive.de\/index.php?rest_route=%2Fwp%2Fv2%2Ftags&post=3002"}],"curies":[{"name":"wp","href":"https:\/\/api.w.org\/{rel}","templated":true}]}}