{"id":305,"date":"2025-05-27T14:08:41","date_gmt":"2025-05-27T12:08:41","guid":{"rendered":"http:\/\/2025.queerlive.de\/?p=305"},"modified":"2025-07-17T06:16:47","modified_gmt":"2025-07-17T04:16:47","slug":"stadfest-2025","status":"publish","type":"post","link":"https:\/\/www.queerlive.de\/?p=305","title":{"rendered":"Stadfest 2025"},"content":{"rendered":"\n<img loading=\"lazy\" decoding=\"async\" width=\"1536\" height=\"1024\" class=\"gb-media-e9714d1d\" alt=\"\" src=\"https:\/\/www.queerlive.de\/wp-content\/uploads\/2025\/05\/file_000000002508624698c4fcf6d3836559.avif\" title=\"file_000000002508624698c4fcf6d3836559\" srcset=\"https:\/\/www.queerlive.de\/wp-content\/uploads\/2025\/05\/file_000000002508624698c4fcf6d3836559.avif 1536w, https:\/\/www.queerlive.de\/wp-content\/uploads\/2025\/05\/file_000000002508624698c4fcf6d3836559-300x200.avif 300w, https:\/\/www.queerlive.de\/wp-content\/uploads\/2025\/05\/file_000000002508624698c4fcf6d3836559-1024x683.avif 1024w, https:\/\/www.queerlive.de\/wp-content\/uploads\/2025\/05\/file_000000002508624698c4fcf6d3836559-768x512.avif 768w\" sizes=\"auto, (max-width: 1536px) 100vw, 1536px\" \/>\n\n\n\n<p><strong>Radio QueerLive beim schwul-lesbischen Stadtfest 2025 in Berlin<\/strong><\/p>\n\n\n\n<p>Auch in diesem Jahr ist <strong>Radio QueerLive<\/strong> wieder mit dabei, wenn am <strong>19. und 20. Juli 2025<\/strong> das schwul-lesbische Stadtfest in Berlin-Sch\u00f6neberg steigt \u2013 das gr\u00f6\u00dfte queere Stra\u00dfenfest Europas! <\/p>\n\n\n\n<p>Mit unserem Au\u00dfenstudio in der <strong>Kalckreuthstra\u00dfe 9<\/strong> sind wir wieder <strong>live vor Ort<\/strong> und berichten direkt vom Geschehen.<\/p>\n\n\n\n<p>Wir stellen <strong>queere Protagonistinnen und Protagonisten<\/strong>, <strong>K\u00fcnstlerinnen und K\u00fcnstler<\/strong>, sowie <strong>Vereine und Projekte<\/strong> vor \u2013 bunt, vielf\u00e4ltig und engagiert. Unsere Livesendung bringt die ganze Bandbreite queeren Lebens auf den Punkt und auf Sendung!<\/p>\n\n\n\n<p>Auch 2025 ist <strong>Radio QueerLive<\/strong> wieder einer der <strong>zentralen Anlaufpunkte<\/strong> des Festes \u2013 mit einem sichtbaren und gut besuchten <strong>Infopunkt<\/strong>. Rund <strong>350.000 Menschen<\/strong> str\u00f6men j\u00e4hrlich zum Stadtfest \u2013 viele davon kommen zu uns: Sie informieren sich \u00fcber das Programm, \u00fcber Radio QueerLive selbst und \u00fcber die queere Community.<\/p>\n\n\n\n<p>Unsere Livesendung <\/p>\n\n\n\n<p>Samstag und Sonntag: 14.00 bis 20.00 Uhr im Programm von uns und \u00fcber unsere Server <\/p>\n\n\n\n<p>Im Programm von Alex Berlin <\/p>\n\n\n\n<p>Samstag: 16.00 bis 20.00 Uhr Sonntag: 14.00 bis 20.00 Uhr <\/p>\n\n\n\n<p>Berlin 91.0 MHz<\/p>\n\n\n\n<p>Kabel 92 6 <\/p>\n\n\n\n<p>DAB 7D <\/p>\n\n\n\n<p>Stream: www.queerlive.de<\/p>\n\n\n\n<p><strong>Wir suchen dich!<\/strong><br>F\u00fcr unseren Infopunkt suchen wir noch <strong>flei\u00dfige H\u00e4nde<\/strong>, <strong>Mitstreiterinnen und Mitstreiter<\/strong>, die Lust haben, unser Team zu unterst\u00fctzen. Wenn du Teil unserer Community-Arbeit sein m\u00f6chtest, melde dich bei uns \u2013 wir freuen uns auf dich!<\/p>\n\n\n\n<p><br><\/p>\n","protected":false},"excerpt":{"rendered":"<div class=\"mh-excerpt\">Radio QueerLive beim schwul-lesbischen Stadtfest 2025 in Berlin Auch in diesem Jahr ist Radio QueerLive wieder mit dabei, wenn am 19. und 20. Juli 2025 das schwul-lesbische Stadtfest in Berlin-Sch\u00f6neberg steigt \u2013 das gr\u00f6\u00dfte queere <a class=\"mh-excerpt-more\" href=\"https:\/\/www.queerlive.de\/?p=305\" title=\"Stadfest 2025\">[&#8230;]<\/a><\/div>\n","protected":false},"author":1,"featured_media":306,"comment_status":"closed","ping_status":"open","sticky":false,"template":"","format":"standard","meta":{"_coblocks_attr":"","_coblocks_dimensions":"","_coblocks_responsive_height":"","_coblocks_accordion_ie_support":"","footnotes":""},"categories":[6],"tags":[],"class_list":["post-305","post","type-post","status-publish","format-standard","has-post-thumbnail","category-nachrichten-deutschland"],"_links":{"self":[{"href":"https:\/\/www.queerlive.de\/index.php?rest_route=\/wp\/v2\/posts\/305","targetHints":{"allow":["GET"]}}],"collection":[{"href":"https:\/\/www.queerlive.de\/index.php?rest_route=\/wp\/v2\/posts"}],"about":[{"href":"https:\/\/www.queerlive.de\/index.php?rest_route=\/wp\/v2\/types\/post"}],"author":[{"embeddable":true,"href":"https:\/\/www.queerlive.de\/index.php?rest_route=\/wp\/v2\/users\/1"}],"replies":[{"embeddable":true,"href":"https:\/\/www.queerlive.de\/index.php?rest_route=%2Fwp%2Fv2%2Fcomments&post=305"}],"version-history":[{"count":5,"href":"https:\/\/www.queerlive.de\/index.php?rest_route=\/wp\/v2\/posts\/305\/revisions"}],"predecessor-version":[{"id":2333,"href":"https:\/\/www.queerlive.de\/index.php?rest_route=\/wp\/v2\/posts\/305\/revisions\/2333"}],"wp:featuredmedia":[{"embeddable":true,"href":"https:\/\/www.queerlive.de\/index.php?rest_route=\/wp\/v2\/media\/306"}],"wp:attachment":[{"href":"https:\/\/www.queerlive.de\/index.php?rest_route=%2Fwp%2Fv2%2Fmedia&parent=305"}],"wp:term":[{"taxonomy":"category","embeddable":true,"href":"https:\/\/www.queerlive.de\/index.php?rest_route=%2Fwp%2Fv2%2Fcategories&post=305"},{"taxonomy":"post_tag","embeddable":true,"href":"https:\/\/www.queerlive.de\/index.php?rest_route=%2Fwp%2Fv2%2Ftags&post=305"}],"curies":[{"name":"wp","href":"https:\/\/api.w.org\/{rel}","templated":true}]}}