{"id":3060,"date":"2025-10-16T10:00:00","date_gmt":"2025-10-16T08:00:00","guid":{"rendered":"https:\/\/www.queerlive.de\/?p=3060"},"modified":"2025-10-16T09:32:00","modified_gmt":"2025-10-16T07:32:00","slug":"das-la-leander-in-potsdam-abschied-von-einem-queeren-wohnzimmer-und-einem-stueck-stadtkultur","status":"publish","type":"post","link":"https:\/\/www.queerlive.de\/?p=3060","title":{"rendered":"Das La Leander in Potsdam \u2013 Abschied von einem queeren Wohnzimmer und einem St\u00fcck Stadtkultur"},"content":{"rendered":"\n<p>Im Herzen des Holl\u00e4ndischen Viertels, in der Benkertstra\u00dfe 1, liegt ein Ort, der seit \u00fcber zwei Jahrzehnten mehr war als nur ein Caf\u00e9 oder eine Bar. Das La Leander war f\u00fcr viele Menschen ein Zuhause, ein R\u00fcckzugsort, ein Treffpunkt, ein sicherer Raum \u2013 ein Ort, an dem man einfach sein durfte. Am 25. Oktober 2025 wird das La Leander zum letzten Mal seine T\u00fcren \u00f6ffnen.<\/p>\n\n\n\n<p>Mit diesem Tag endet nicht nur der Betrieb eines Lokals, sondern eine ganze \u00c4ra von queerer und nachbarschaftlicher Kultur in Potsdam.<\/p>\n\n\n\n<p>Ein Wohnzimmer f\u00fcr alle \u2013 die Idee des La Leander<\/p>\n\n\n\n<p>Seit seiner Gr\u00fcndung Ende der 1990er Jahre war das La Leander ein besonderer Ort. Es nannte sich selbst das \u201equeere Wohnzimmer Potsdams\u201c \u2013 und genau das war es: ein offener Raum, in dem sich Menschen verschiedenster Hintergr\u00fcnde begegnen konnten.<br>Hier trafen sich Studierende, Nachbarinnen, K\u00fcnstlerinnen, Aktivistinnen, Touristinnen \u2013 und vor allem Menschen aus der LGBTQIA+ Community, die im Leander nicht blo\u00df G\u00e4ste, sondern Teil einer Gemeinschaft waren.<\/p>\n\n\n\n<p>Zwischen Kaffeetassen, warmem Licht und dem Geruch von frisch gebackenem Kuchen entstanden Gespr\u00e4che, Freundschaften und Solidarit\u00e4t.<br>Abends verwandelte sich das Caf\u00e9 in eine Bar, in der Musik erklang, wo getanzt, gelacht, diskutiert und gefeiert wurde. Das Leander war nicht laut, nicht aufdringlich, aber immer lebendig \u2013 ein kleines, liebevoll eingerichtetes Refugium mit einer gro\u00dfen Seele.<\/p>\n\n\n\n<p>Kulturort und Schutzraum \u2013 eine soziale Bedeutung \u00fcber den Kiez hinaus<\/p>\n\n\n\n<p>\u00dcber die Jahre hinweg wuchs das La Leander zu einem soziokulturellen Fixpunkt in Potsdam heran. Es war einer der wenigen \u00f6ffentlichen R\u00e4ume, in denen queere Identit\u00e4t sichtbar, selbstverst\u00e4ndlich und willkommen war.<br>Die Betreiber*innen verstanden das Caf\u00e9 stets als Ort der Begegnung, des Zuh\u00f6rens und der Sichtbarkeit. Neben dem gastronomischen Angebot fanden hier regelm\u00e4\u00dfig Lesungen, Musikabende, politische Diskussionen, Filmn\u00e4chte und Ausstellungen statt.<\/p>\n\n\n\n<p>Dar\u00fcber hinaus war das Haus in der Benkertstra\u00dfe 1 mehr als nur eine Gastst\u00e4tte. Es bot Wohnraum und Zuflucht f\u00fcr Menschen, die zeitweise Unterst\u00fctzung brauchten \u2013 insbesondere f\u00fcr queere Jugendliche und Menschen, die sich in schwierigen Lebenssituationen befanden. So wurde aus dem La Leander ein Ort, der gelebte Solidarit\u00e4t praktizierte \u2013 unspektakul\u00e4r, aber aufrichtig.<\/p>\n\n\n\n<p>Auch wir waren dabei<\/p>\n\n\n\n<p>\u00dcber viele Monate hatte Radio QueerLive am Montagabend einen sehr gut besuchten Stammtisch im La Leander organisiert.<\/p>\n\n\n\n<p>Verdr\u00e4ngung und Verlust \u2013 das Ende eines Ortes<\/p>\n\n\n\n<p>Wie viele andere kulturelle und soziale Einrichtungen in der Potsdamer Innenstadt stand auch das La Leander in den letzten Jahren unter zunehmendem Druck. Steigende Mieten, Eigent\u00fcmerwechsel und bauliche Anforderungen machten den Fortbestand immer schwieriger.<br>Im Sommer 2025 wurde schlie\u00dflich bekannt, dass der Mietvertrag nicht verl\u00e4ngert wird. Die Bedingungen waren f\u00fcr die Betreiberin, die das Caf\u00e9 \u00fcber viele Jahre mit Herzblut gef\u00fchrt hatte, nicht mehr tragbar. Damit war klar: Das Kapitel La Leander in der Benkertstra\u00dfe 1 w\u00fcrde zu Ende gehen.<\/p>\n\n\n\n<p>Am 25. Oktober 2025 \u00f6ffnet das Caf\u00e9 ein letztes Mal seine T\u00fcren. Danach wird es still werden an diesem Ort, an dem so viele Gespr\u00e4che, Umarmungen und Momente geteilter Menschlichkeit stattgefunden haben.<\/p>\n\n\n\n<p>Ein Abschied mit Gewicht \u2013 was bleibt, wenn ein Ort verschwindet<\/p>\n\n\n\n<p>Mit der Schlie\u00dfung des La Leander verliert Potsdam weit mehr als eine Gastronomie. Es verschwindet ein symbolischer Raum f\u00fcr Vielfalt, Offenheit und gelebte Menschlichkeit.<br>Viele Menschen verbinden mit diesem Ort pers\u00f6nliche Erinnerungen: das erste Date, ein Coming-out, Freundschaften, Gespr\u00e4che bis tief in die Nacht, Trost nach einem schweren Tag.<\/p>\n\n\n\n<p>Wenn sich am 25. Oktober die T\u00fcr zum letzten Mal schlie\u00dft, endet eine \u00c4ra, die Spuren hinterl\u00e4sst \u2013 in der queeren Geschichte Potsdams, in der Seele des Holl\u00e4ndischen Viertels und im Herzen vieler, die hier ein St\u00fcck Zuhause gefunden haben.<\/p>\n\n\n\n<p>Doch auch wenn der Ort verschwindet, bleibt das, was ihn ausmachte, bestehen: eine Haltung, eine W\u00e4rme, eine Gemeinschaft. Das La Leander war nie nur ein Raum aus W\u00e4nden und M\u00f6beln \u2013 es war eine Idee von Miteinander, die weiterlebt, wo immer Menschen sich begegnen und sagen: Du bist willkommen, so wie du bist.<\/p>\n\n\n\n<p>Lebe wohl, La Leander.<br>Danke f\u00fcr all die Jahre, die Gespr\u00e4che, die Musik, das Lachen und die stillen Momente.<br>Du warst mehr als ein Caf\u00e9 \u2013 du warst Herz, Zuhause und Erinnerung zugleich.<\/p>\n\n\n\n<p>Radio QueerLive<br>News Redaktion<\/p>\n","protected":false},"excerpt":{"rendered":"<div class=\"mh-excerpt\">Im Herzen des Holl\u00e4ndischen Viertels, in der Benkertstra\u00dfe 1, liegt ein Ort, der seit \u00fcber zwei Jahrzehnten mehr war als nur ein Caf\u00e9 oder eine Bar. Das La Leander war f\u00fcr viele Menschen ein Zuhause, <a class=\"mh-excerpt-more\" href=\"https:\/\/www.queerlive.de\/?p=3060\" title=\"Das La Leander in Potsdam \u2013 Abschied von einem queeren Wohnzimmer und einem St\u00fcck Stadtkultur\">[&#8230;]<\/a><\/div>\n","protected":false},"author":1,"featured_media":3061,"comment_status":"closed","ping_status":"open","sticky":false,"template":"","format":"standard","meta":{"_coblocks_attr":"","_coblocks_dimensions":"","_coblocks_responsive_height":"","_coblocks_accordion_ie_support":"","footnotes":""},"categories":[6,24],"tags":[],"class_list":["post-3060","post","type-post","status-publish","format-standard","has-post-thumbnail","category-nachrichten-deutschland","category-community"],"_links":{"self":[{"href":"https:\/\/www.queerlive.de\/index.php?rest_route=\/wp\/v2\/posts\/3060","targetHints":{"allow":["GET"]}}],"collection":[{"href":"https:\/\/www.queerlive.de\/index.php?rest_route=\/wp\/v2\/posts"}],"about":[{"href":"https:\/\/www.queerlive.de\/index.php?rest_route=\/wp\/v2\/types\/post"}],"author":[{"embeddable":true,"href":"https:\/\/www.queerlive.de\/index.php?rest_route=\/wp\/v2\/users\/1"}],"replies":[{"embeddable":true,"href":"https:\/\/www.queerlive.de\/index.php?rest_route=%2Fwp%2Fv2%2Fcomments&post=3060"}],"version-history":[{"count":1,"href":"https:\/\/www.queerlive.de\/index.php?rest_route=\/wp\/v2\/posts\/3060\/revisions"}],"predecessor-version":[{"id":3062,"href":"https:\/\/www.queerlive.de\/index.php?rest_route=\/wp\/v2\/posts\/3060\/revisions\/3062"}],"wp:featuredmedia":[{"embeddable":true,"href":"https:\/\/www.queerlive.de\/index.php?rest_route=\/wp\/v2\/media\/3061"}],"wp:attachment":[{"href":"https:\/\/www.queerlive.de\/index.php?rest_route=%2Fwp%2Fv2%2Fmedia&parent=3060"}],"wp:term":[{"taxonomy":"category","embeddable":true,"href":"https:\/\/www.queerlive.de\/index.php?rest_route=%2Fwp%2Fv2%2Fcategories&post=3060"},{"taxonomy":"post_tag","embeddable":true,"href":"https:\/\/www.queerlive.de\/index.php?rest_route=%2Fwp%2Fv2%2Ftags&post=3060"}],"curies":[{"name":"wp","href":"https:\/\/api.w.org\/{rel}","templated":true}]}}