{"id":3161,"date":"2025-12-14T14:00:00","date_gmt":"2025-12-14T13:00:00","guid":{"rendered":"https:\/\/www.queerlive.de\/?p=3161"},"modified":"2025-12-12T22:34:32","modified_gmt":"2025-12-12T21:34:32","slug":"%f0%9f%8f%b3%ef%b8%8f%f0%9f%8c%88%f0%9f%8f%b3%ef%b8%8f%f0%9f%8c%88%f0%9f%8f%b3%ef%b8%8f%f0%9f%8c%88-radio-queerlive-interview-mit-max-ueber-glam-and-beats","status":"publish","type":"post","link":"https:\/\/www.queerlive.de\/?p=3161","title":{"rendered":"\ud83c\udff3\ufe0f\u200d\ud83c\udf08\ud83c\udff3\ufe0f\u200d\ud83c\udf08\ud83c\udff3\ufe0f\u200d\ud83c\udf08 Radio QueerLive \u2013 Interview mit Max \u00fcber \u201eGlam and Beats\u201c \ud83c\udff3\ufe0f\u200d\ud83c\udf08\ud83c\udff3\ufe0f\u200d\ud83c\udf08\ud83c\udff3\ufe0f\u200d\ud83c\udf08"},"content":{"rendered":"\n<p>\u00dcber Lampenfieber, queere R\u00e4ume und warum Berlin wieder tanzen muss.<\/p>\n\n\n\n<p>Andreas (Radio QueerLive):<br>Max, willkommen \u2013 heute probieren wir es nochmal mit dem Interview. Letzte Woche wolltest du bei uns im Studio \u00fcber &#8222;Glam and Beats&#8220; sprechen und bist noch vor deinem ersten \u201eHallo\u201c vor Lampenfieber in Ohnmacht gefallen.<br>Wie hast du diesen Moment erlebt?<\/p>\n\n\n\n<p>Max:<br>(lacht)<br>Ja, das war definitiv kein glamour\u00f6ser Einstieg. Ich war extrem aufgeregt, weil mir das Projekt sehr am Herzen liegt und Radio QueerLive f\u00fcr mich eine wichtige Plattform ist. Mein K\u00f6rper hat dann kurzerhand beschlossen, auf Pause zu dr\u00fccken. Im Nachhinein kann ich dr\u00fcber lachen \u2013 es war irgendwie maximal dramatisch und damit auch sehr queer. Wichtig ist: Ich bin wieder aufgestan und sitze heute hier.<\/p>\n\n\n\n<p>Andreas:<br>Wie gro\u00df ist dein Lampenfieber jetzt gerade, w\u00e4hrend wir hier sprechen?<\/p>\n\n\n\n<p>Max:<br>Es ist noch da, aber auf eine gute Art. Eher ein Kribbeln als Panik. Heute f\u00fchle ich mich sicherer, der Raum stimmt \u2013 und keine Sorge: Heute bleibe ich stehen.<\/p>\n\n\n\n<p>Andreas:<br>Kommen wir zu &#8222;Glam and Beats&#8220;. Wann seid ihr auf die Idee gekommen?<\/p>\n\n\n\n<p>Max:<br>Vor etwa drei Monaten habe ich gemerkt, dass mir etwas fehlt \u2013 musikalisch, aber auch emotional. Ich habe viel \u00fcber Sichtbarkeit, Clubkultur und sichere R\u00e4ume nachgedacht. Daraus ist langsam die Idee entstanden, einen Ort zu schaffen, an dem Glamour Tiefe hat und Beats verbinden.<\/p>\n\n\n\n<p>Andreas:<br>Warum \u00fcberhaupt eine neue queere Party in Berlin? Ihr beide \u2013 du und dein guter Bekannter \u2013 hattet offenbar keinen Ort mehr, wo ihr samstags feiern konntet?<\/p>\n\n\n\n<p>Max:<br>Genau das war der Ausl\u00f6ser. Berlin ist gro\u00df, aber pl\u00f6tzlich standen wir da und hatten das Gef\u00fchl: Es gibt keinen Ort mehr, der sich wirklich nach uns anf\u00fchlt. Viele R\u00e4ume haben sich ver\u00e4ndert oder sind verschwunden. Irgendwann kam dieser Gedanke: Wenn es diesen Raum nicht mehr gibt, dann m\u00fcssen wir ihn selbst schaffen. Aus Frust wurde eine Idee \u2013 und aus der Idee &#8222;Glam and Beats&#8220;.<\/p>\n\n\n\n<p>Andreas:<br>Am 27. Dezember startet ihr in der Busche. Warum genau dort?<\/p>\n\n\n\n<p>Max:<br>Die Busche ist seit 1985 ein traditionsreicher Ort f\u00fcr die Community in Berlin. Dass sie im Juli schlie\u00dfen musste, hat viele von uns sehr getroffen. F\u00fcr uns war klar: Wir wollen diesem Verlust etwas entgegensetzen. Am 27. Dezember soll die Busche wieder ein Ort f\u00fcr queeres Leben, Musik und Zusammenhalt sein. Es ist eine Verneigung vor der Geschichte \u2013 und ein Zeichen, dass queere R\u00e4ume weiterleben.<\/p>\n\n\n\n<p>Andreas:<br>Wer ist denn eigentlich der Veranstalter? Die Busche oder jemand anderes?<\/p>\n\n\n\n<p>Max:<br>Die Busche stellt die R\u00e4umlichkeiten \u2013 und daf\u00fcr sind wir sehr dankbar. Die Organisation liegt bei uns. Wer genau hinter Glam and Beats steckt, das werden wir am 27. Dezember offiziell aufkl\u00e4ren. Ein bisschen Spannung darf sein.<\/p>\n\n\n\n<p>Andreas:<br>Was erwartet die G\u00e4ste konkret am 27. Dezember?<\/p>\n\n\n\n<p>Max:<br>Ein glamour\u00f6ser, geiler Abend mit fetten Beats.<br>Mit DJ SuperZandy und DJ Zariza und Frau Bond an den Decks sowie einer Show mit Cathrinsche. Das wird laut, emotional und tanzbar \u2013 eine Nacht, die man nicht nur h\u00f6rt, sondern f\u00fchlt.<\/p>\n\n\n\n<p>Andreas:<br>Der 27. Dezember ist der Auftakt. Wie geht es im Januar weiter?<\/p>\n\n\n\n<p>Max:<br>Im Januar geht es direkt weiter mit zwei Veranstaltungen, am 10. Januar und am 24. Januar 2026, also am zweiten und vierten Samstag im Monat. Auch dort mit starken DJs und tollen Shows. Glam and Beats ist kein Einmalmoment \u2013 wir wollen etwas Regelm\u00e4\u00dfiges aufbauen.<\/p>\n\n\n\n<p>Andreas:<br>Wenn die Party am 27. Dezember richtig gut l\u00e4uft: D\u00fcrfen wir dich und deinen Bekannten auf der B\u00fchne outen und ihr gr\u00fc\u00dft die G\u00e4ste?<\/p>\n\n\n\n<p>Max:<br>(lacht)<br>Ja, absolut und ich falle wieder um vor Lampenfieber. Ich organisiere lieber im Hintergrund und freue mich, wenn die Community die neue Glam and Beats annimmt.<\/p>\n\n\n\n<p>Andreas:<br>Zum Abschluss: Was m\u00f6chtest du den Menschen sagen, die diesen Beitrag jetzt lesen?<\/p>\n\n\n\n<p>Max:<br>Kommt vorbei. Feiert mit uns. Vergesst f\u00fcr ein paar Stunden den Alltag. Berlin braucht wieder neue queere Perspektiven, neue Partys, neue sichere R\u00e4ume. Glam and Beats soll ein Safe Space sein, in dem man offen feiern kann, ohne sich erkl\u00e4ren zu m\u00fcssen.<br>Community entsteht, wenn wir uns regelm\u00e4\u00dfig begegnen \u2013 auf dem Dancefloor, im gemeinsamen Moment. Lasst uns diesen Raum gemeinsam f\u00fcllen. Und lasst uns tanzen.<\/p>\n\n\n\n<p>Glam and Beats<br>\ud83d\udccd Busche Berlin<br>\ud83d\uddd3 Start: 27. Dezember<br>\u27a1\ufe0f Weiter: 10. &amp; 24. Januar 2026<\/p>\n\n\n\n<p>Radio QueerLive \ud83c\udf99\ufe0f\ud83d\udc9c<\/p>\n","protected":false},"excerpt":{"rendered":"<div class=\"mh-excerpt\">\u00dcber Lampenfieber, queere R\u00e4ume und warum Berlin wieder tanzen muss. Andreas (Radio QueerLive):Max, willkommen \u2013 heute probieren wir es nochmal mit dem Interview. Letzte Woche wolltest du bei uns im Studio \u00fcber &#8222;Glam and Beats&#8220; <a class=\"mh-excerpt-more\" href=\"https:\/\/www.queerlive.de\/?p=3161\" title=\"\ud83c\udff3\ufe0f\u200d\ud83c\udf08\ud83c\udff3\ufe0f\u200d\ud83c\udf08\ud83c\udff3\ufe0f\u200d\ud83c\udf08 Radio QueerLive \u2013 Interview mit Max \u00fcber \u201eGlam and Beats\u201c \ud83c\udff3\ufe0f\u200d\ud83c\udf08\ud83c\udff3\ufe0f\u200d\ud83c\udf08\ud83c\udff3\ufe0f\u200d\ud83c\udf08\">[&#8230;]<\/a><\/div>\n","protected":false},"author":1,"featured_media":3162,"comment_status":"closed","ping_status":"open","sticky":false,"template":"","format":"standard","meta":{"_coblocks_attr":"","_coblocks_dimensions":"","_coblocks_responsive_height":"","_coblocks_accordion_ie_support":"","footnotes":""},"categories":[24],"tags":[],"class_list":["post-3161","post","type-post","status-publish","format-standard","has-post-thumbnail","category-community"],"_links":{"self":[{"href":"https:\/\/www.queerlive.de\/index.php?rest_route=\/wp\/v2\/posts\/3161","targetHints":{"allow":["GET"]}}],"collection":[{"href":"https:\/\/www.queerlive.de\/index.php?rest_route=\/wp\/v2\/posts"}],"about":[{"href":"https:\/\/www.queerlive.de\/index.php?rest_route=\/wp\/v2\/types\/post"}],"author":[{"embeddable":true,"href":"https:\/\/www.queerlive.de\/index.php?rest_route=\/wp\/v2\/users\/1"}],"replies":[{"embeddable":true,"href":"https:\/\/www.queerlive.de\/index.php?rest_route=%2Fwp%2Fv2%2Fcomments&post=3161"}],"version-history":[{"count":2,"href":"https:\/\/www.queerlive.de\/index.php?rest_route=\/wp\/v2\/posts\/3161\/revisions"}],"predecessor-version":[{"id":3164,"href":"https:\/\/www.queerlive.de\/index.php?rest_route=\/wp\/v2\/posts\/3161\/revisions\/3164"}],"wp:featuredmedia":[{"embeddable":true,"href":"https:\/\/www.queerlive.de\/index.php?rest_route=\/wp\/v2\/media\/3162"}],"wp:attachment":[{"href":"https:\/\/www.queerlive.de\/index.php?rest_route=%2Fwp%2Fv2%2Fmedia&parent=3161"}],"wp:term":[{"taxonomy":"category","embeddable":true,"href":"https:\/\/www.queerlive.de\/index.php?rest_route=%2Fwp%2Fv2%2Fcategories&post=3161"},{"taxonomy":"post_tag","embeddable":true,"href":"https:\/\/www.queerlive.de\/index.php?rest_route=%2Fwp%2Fv2%2Ftags&post=3161"}],"curies":[{"name":"wp","href":"https:\/\/api.w.org\/{rel}","templated":true}]}}