{"id":3181,"date":"2026-01-28T13:29:53","date_gmt":"2026-01-28T12:29:53","guid":{"rendered":"https:\/\/www.queerlive.de\/?p=3181"},"modified":"2026-01-28T13:30:29","modified_gmt":"2026-01-28T12:30:29","slug":"%f0%9f%8f%b3%ef%b8%8f%f0%9f%8c%88%f0%9f%8f%b3%ef%b8%8f%f0%9f%8c%88%f0%9f%8f%b3%ef%b8%8f%f0%9f%8c%88-livesendung-am-sonntag-%f0%9f%8f%b3%ef%b8%8f%f0%9f%8c%88","status":"publish","type":"post","link":"https:\/\/www.queerlive.de\/?p=3181","title":{"rendered":"\ud83c\udff3\ufe0f\u200d\ud83c\udf08\ud83c\udff3\ufe0f\u200d\ud83c\udf08\ud83c\udff3\ufe0f\u200d\ud83c\udf08 Livesendung am Sonntag \ud83c\udff3\ufe0f\u200d\ud83c\udf08\ud83c\udff3\ufe0f\u200d\ud83c\udf08\ud83c\udff3\ufe0f\u200d\ud83c\udf08"},"content":{"rendered":"\n<p>Radio QueerLive geht an diesem Sonntag wieder live on Air.<\/p>\n\n\n\n<p>Nach Monaten der Stille meldet sich Radio QueerLive an diesem Sonntag eindrucksvoll zur\u00fcck.<br>Ein Einbruch im September hatte gravierende Folgen: Ein gro\u00dfer Teil der technischen Ausstattung wurde entwendet, zahlreiche Sendungen mussten in der Folge ausfallen.<\/p>\n\n\n\n<p>Die Ermittlungen wurden inzwischen von der Staatsanwaltschaft eingestellt. Fragen \u2013 etwa zur Nutzung von Zweitschl\u00fcsseln innerhalb einer Wohnungsbaugenossenschaft in Pankow und dazu, wer Zugang hatte \u2013 blieben unbeantwortet.<br>Ob nicht gekonnt oder nicht gewollt: Aufkl\u00e4rung fand nicht statt.<\/p>\n\n\n\n<p>Doch jetzt hei\u00dft es: Neustart.<\/p>\n\n\n\n<p>Am Sonntag um 15.00 Uhr geht Radio QueerLive wieder live auf Sendung \u2013 mit einem Thema, das besser kaum passen k\u00f6nnte: Tiere und ihre Vielfalt.<\/p>\n\n\n\n<p>Wer glaubt, die Natur kenne nur zwei Geschlechter, wird nach dieser Sendung um einige Erkenntnisse reicher sein.<br>Vorgestellt wird unter anderem das Buch Queere Tiere, das eindrucksvoll zeigt, wie vielf\u00e4ltig Geschlecht, Sexualit\u00e4t und Rollenverhalten im Tierreich tats\u00e4chlich sind.<br>Manche Tierarten wechseln im Laufe ihres Lebens sogar ihr Geschlecht \u2013 ein faszinierender Einblick in biologische Realit\u00e4ten jenseits vereinfachter Denkmuster.<\/p>\n\n\n\n<p>Neben diesen Beispielen erwarten die H\u00f6rer*innen weitere spannende Details und \u00fcberraschende Fakten aus der Welt der Tiere \u2013 fundiert, verst\u00e4ndlich und wie immer mit einer klaren queeren Perspektive.<\/p>\n\n\n\n<p>Radio QueerLive auch in Brandenburg<\/p>\n\n\n\n<p>Auch technisch gibt es Neuerungen: Seit diesem Jahr sendet Radio QueerLive im Programm von ALEX Berlin nicht mehr \u00fcber die klassische Antenne.<br>Seit dem 1. Januar 2026 ist die Sendung \u00fcber DAB+ in Berlin und Brandenburg empfangbar. Zus\u00e4tzlich ist das Radioprogramm von ALEX Berlin im Kabel auf 92,6 MHz sowie \u00fcber DAB+ auf Kanal 12D zu h\u00f6ren.<\/p>\n\n\n\n<p>Radio QueerLive ist zur\u00fcck \u2013 live, kritisch, neugierig. Einschalten lohnt sich.<\/p>\n\n\n\n<p>Radio QueerLive<br>Livesendung<\/p>\n\n\n\n<p>Start 15.00 Uhr<\/p>\n\n\n\n<p>Berlin und Brandenburg: DAB 12D<\/p>\n\n\n\n<p>www.queerlive.de<\/p>\n","protected":false},"excerpt":{"rendered":"<div class=\"mh-excerpt\">Radio QueerLive geht an diesem Sonntag wieder live on Air. Nach Monaten der Stille meldet sich Radio QueerLive an diesem Sonntag eindrucksvoll zur\u00fcck.Ein Einbruch im September hatte gravierende Folgen: Ein gro\u00dfer Teil der technischen Ausstattung <a class=\"mh-excerpt-more\" href=\"https:\/\/www.queerlive.de\/?p=3181\" title=\"\ud83c\udff3\ufe0f\u200d\ud83c\udf08\ud83c\udff3\ufe0f\u200d\ud83c\udf08\ud83c\udff3\ufe0f\u200d\ud83c\udf08 Livesendung am Sonntag \ud83c\udff3\ufe0f\u200d\ud83c\udf08\ud83c\udff3\ufe0f\u200d\ud83c\udf08\ud83c\udff3\ufe0f\u200d\ud83c\udf08\">[&#8230;]<\/a><\/div>\n","protected":false},"author":1,"featured_media":3182,"comment_status":"closed","ping_status":"open","sticky":false,"template":"","format":"standard","meta":{"_coblocks_attr":"","_coblocks_dimensions":"","_coblocks_responsive_height":"","_coblocks_accordion_ie_support":"","footnotes":""},"categories":[24,35],"tags":[],"class_list":["post-3181","post","type-post","status-publish","format-standard","has-post-thumbnail","category-community","category-programmvorschau"],"_links":{"self":[{"href":"https:\/\/www.queerlive.de\/index.php?rest_route=\/wp\/v2\/posts\/3181","targetHints":{"allow":["GET"]}}],"collection":[{"href":"https:\/\/www.queerlive.de\/index.php?rest_route=\/wp\/v2\/posts"}],"about":[{"href":"https:\/\/www.queerlive.de\/index.php?rest_route=\/wp\/v2\/types\/post"}],"author":[{"embeddable":true,"href":"https:\/\/www.queerlive.de\/index.php?rest_route=\/wp\/v2\/users\/1"}],"replies":[{"embeddable":true,"href":"https:\/\/www.queerlive.de\/index.php?rest_route=%2Fwp%2Fv2%2Fcomments&post=3181"}],"version-history":[{"count":2,"href":"https:\/\/www.queerlive.de\/index.php?rest_route=\/wp\/v2\/posts\/3181\/revisions"}],"predecessor-version":[{"id":3184,"href":"https:\/\/www.queerlive.de\/index.php?rest_route=\/wp\/v2\/posts\/3181\/revisions\/3184"}],"wp:featuredmedia":[{"embeddable":true,"href":"https:\/\/www.queerlive.de\/index.php?rest_route=\/wp\/v2\/media\/3182"}],"wp:attachment":[{"href":"https:\/\/www.queerlive.de\/index.php?rest_route=%2Fwp%2Fv2%2Fmedia&parent=3181"}],"wp:term":[{"taxonomy":"category","embeddable":true,"href":"https:\/\/www.queerlive.de\/index.php?rest_route=%2Fwp%2Fv2%2Fcategories&post=3181"},{"taxonomy":"post_tag","embeddable":true,"href":"https:\/\/www.queerlive.de\/index.php?rest_route=%2Fwp%2Fv2%2Ftags&post=3181"}],"curies":[{"name":"wp","href":"https:\/\/api.w.org\/{rel}","templated":true}]}}