{"id":3185,"date":"2026-01-29T20:51:29","date_gmt":"2026-01-29T19:51:29","guid":{"rendered":"https:\/\/www.queerlive.de\/?p=3185"},"modified":"2026-01-29T20:51:30","modified_gmt":"2026-01-29T19:51:30","slug":"abschied-von-gert-thumser","status":"publish","type":"post","link":"https:\/\/www.queerlive.de\/?p=3185","title":{"rendered":"Abschied von Gert Thumser"},"content":{"rendered":"\n<p>Mit gro\u00dfer Trauer nehmen wir Abschied von einem K\u00fcnstler, dessen Vielseitigkeit und feiner Humor die Theaterlandschaft nachhaltig gepr\u00e4gt haben. Sein Spiel, seine Musikalit\u00e4t und seine Lust an Grenz\u00fcberschreitungen machten ihn zu einer unverwechselbaren Pers\u00f6nlichkeit auf und hinter der B\u00fchne.<br>Besonders in Erinnerung bleibt seine B\u00fchnenfigur Paula Frantz-Kuhn \u2013 eine ebenso schroffe wie verletzliche Pianistin, tragikomisch, liebeshungrig und von entwaffnender Ehrlichkeit.<br>Mit Figuren wie ihr verstand es Gert, das Publikum gleichzeitig zum Lachen und zum Innehalten zu bringen.<br>Dem BKA Theater war Gert Thumser \u00fcber viele Jahre eng verbunden. Zahlreiche Produktionen und Begegnungen tragen seine Handschrift \u2013 manchmal leise, aber stets pr\u00e4gend.<br>Mit seinem Gesp\u00fcr f\u00fcr Menschen und Situationen war er ein unverzichtbarer Teil dieser Gemeinschaft.<\/p>\n\n\n\n<p>Seit seinem krankheitsbedingten R\u00fcckzug fehlte seine Pr\u00e4senz schmerzlich. Umso kostbarer sind die Erinnerungen an gemeinsame Abende, an sein Klavierspiel, das jeder Show Tiefe und W\u00e4rme verlieh.<\/p>\n\n\n\n<p>Auf dem Bild sehen wir ihn in seiner Rolle als Paula Franz- Kuhn.<\/p>\n\n\n\n<p>Gert Thumser m\u00f6ge in Frieden Ruhen.<\/p>\n\n\n\n<p>Radio QueerLive<br>Die Redaktion<\/p>\n","protected":false},"excerpt":{"rendered":"<div class=\"mh-excerpt\">Mit gro\u00dfer Trauer nehmen wir Abschied von einem K\u00fcnstler, dessen Vielseitigkeit und feiner Humor die Theaterlandschaft nachhaltig gepr\u00e4gt haben. Sein Spiel, seine Musikalit\u00e4t und seine Lust an Grenz\u00fcberschreitungen machten ihn zu einer unverwechselbaren Pers\u00f6nlichkeit auf <a class=\"mh-excerpt-more\" href=\"https:\/\/www.queerlive.de\/?p=3185\" title=\"Abschied von Gert Thumser\">[&#8230;]<\/a><\/div>\n","protected":false},"author":1,"featured_media":3186,"comment_status":"closed","ping_status":"open","sticky":false,"template":"","format":"standard","meta":{"_coblocks_attr":"","_coblocks_dimensions":"","_coblocks_responsive_height":"","_coblocks_accordion_ie_support":"","footnotes":""},"categories":[24],"tags":[],"class_list":["post-3185","post","type-post","status-publish","format-standard","has-post-thumbnail","category-community"],"_links":{"self":[{"href":"https:\/\/www.queerlive.de\/index.php?rest_route=\/wp\/v2\/posts\/3185","targetHints":{"allow":["GET"]}}],"collection":[{"href":"https:\/\/www.queerlive.de\/index.php?rest_route=\/wp\/v2\/posts"}],"about":[{"href":"https:\/\/www.queerlive.de\/index.php?rest_route=\/wp\/v2\/types\/post"}],"author":[{"embeddable":true,"href":"https:\/\/www.queerlive.de\/index.php?rest_route=\/wp\/v2\/users\/1"}],"replies":[{"embeddable":true,"href":"https:\/\/www.queerlive.de\/index.php?rest_route=%2Fwp%2Fv2%2Fcomments&post=3185"}],"version-history":[{"count":1,"href":"https:\/\/www.queerlive.de\/index.php?rest_route=\/wp\/v2\/posts\/3185\/revisions"}],"predecessor-version":[{"id":3187,"href":"https:\/\/www.queerlive.de\/index.php?rest_route=\/wp\/v2\/posts\/3185\/revisions\/3187"}],"wp:featuredmedia":[{"embeddable":true,"href":"https:\/\/www.queerlive.de\/index.php?rest_route=\/wp\/v2\/media\/3186"}],"wp:attachment":[{"href":"https:\/\/www.queerlive.de\/index.php?rest_route=%2Fwp%2Fv2%2Fmedia&parent=3185"}],"wp:term":[{"taxonomy":"category","embeddable":true,"href":"https:\/\/www.queerlive.de\/index.php?rest_route=%2Fwp%2Fv2%2Fcategories&post=3185"},{"taxonomy":"post_tag","embeddable":true,"href":"https:\/\/www.queerlive.de\/index.php?rest_route=%2Fwp%2Fv2%2Ftags&post=3185"}],"curies":[{"name":"wp","href":"https:\/\/api.w.org\/{rel}","templated":true}]}}