{"id":3215,"date":"2026-03-05T16:49:58","date_gmt":"2026-03-05T15:49:58","guid":{"rendered":"https:\/\/www.queerlive.de\/?p=3215"},"modified":"2026-03-05T16:50:41","modified_gmt":"2026-03-05T15:50:41","slug":"eventtipp","status":"publish","type":"post","link":"https:\/\/www.queerlive.de\/?p=3215","title":{"rendered":"Eventtipp"},"content":{"rendered":"\n<p>Wer w\u00fcnscht sich das nicht: einen Fernsehabend am Wochenende, voller Spannung, mit professionellen Darstellerinnen und Darstellern, mitrei\u00dfender Musik und internationalen Stars.<\/p>\n\n\n\n<p>Vielleicht beginnt alles ganz klassisch \u2013 mit der \u201eAktuellen Kamera\u201c, der Nachrichtensendung des DDR-Fernsehens. Danach folgt Unterhaltung, gro\u00dfe Gesten, Glamour und Schlager.<\/p>\n\n\n\n<p>In der DDR war daf\u00fcr ein Format besonders ber\u00fchmt: Ein Kessel Buntes. Die gro\u00dfe Samstagabendshow war \u00fcber Jahre hinweg der Quotenrenner schlechthin.<br>Internationale Stars wie Katja Ebstein, Nana Mouskouri oder Mireille Mathieu gaben sich die Klinke in die Hand. Und wer dort auftrat, ging selten mit leeren H\u00e4nden nach Hause \u2013 legend\u00e4r ist bis heute die Bezahlung mit edlem Mei\u00dfner Porzellan &#8211; tonnenweise.<\/p>\n\n\n\n<p>Lange ist das her.<br>Doch Moment mal \u2013 ganz vorbei ist diese Zeit offenbar doch nicht. Denn an diesem Samstag lebt der Geist der gro\u00dfen Unterhaltungsshow wieder auf.<\/p>\n\n\n\n<p>+++ Unser Kessel Buntes 2 \u2013 Finale +++<\/p>\n\n\n\n<p>Eine DDR-Hit- und Videozeitreise pr\u00e4sentiert von Fanny Damaschke<\/p>\n\n\n\n<p>Noch einmal geht es auf eine ebenso schr\u00e4ge wie liebevolle Tunten-Show-Zeitreise durch 40 Jahre DDR-Unterhaltung.<\/p>\n\n\n\n<p>Pr\u00e4sentiert wird ein Abend voller Schlager, Rock und Pop \u2013 mit den Hits der gro\u00dfen Diven des Ostens, kombiniert mit den sch\u00f6nsten und kuriosesten Momenten aus dem DDR-Fernsehen.<br>Chef-Ansagerin Fanny Damaschke f\u00fchrt durch den Abend und pr\u00e4sentiert das gro\u00dfe Finale von<\/p>\n\n\n\n<p>\u201eUnser Kessel Buntes 2\u201c. Auf der B\u00fchne stehen:<\/p>\n\n\n\n<p>Betty B\u00fcCKse, Hr. Bongolowski, Cathrinsche \/ Fab Sisters, Dagmar &amp; Frederic, D\u00f6rte Dorsch, Lilli Lunamoon, Mimi Milano, Ottilie, Vanessa Karma, Vechta Varblos, Vera Titanic sowie KOP \u2013 und nat\u00fcrlich auch einige \u00dcberraschungsg\u00e4ste aus den sozialistischen Bruderl\u00e4ndern.<\/p>\n\n\n\n<p>Musikalisch gibt es ein Wiederh\u00f6ren mit Klassikern von Chris Doerk, B\u00e4rbel Wachholz, Petra Zieger, Suzi Koncz, Ute Freudenberg, Karat, Dagmar Frederic, Andreas Holm und Regina Thoss.<br>Doch nicht nur musikalisch wird in Erinnerungen geschwelgt. Aus den Archiven des Fernsehens in Adlershof wurden echte TV-Sch\u00e4tze gehoben.<\/p>\n\n\n\n<p>Das Publikum darf sich auf Ausschnitte aus Kultsendungen freuen wie:<br>\u201eMach mit, mach\u2019s nach, mach\u2019s besser\u201c<br>\u201eDer Schwarze Kanal\u201c<br>\u201eVom Scheitel bis zur Sohle\u201c<br>\u201eFrau Elster und Herr Fuchs\u201c<br>\u201eJan und Tini auf Reisen\u201c<\/p>\n\n\n\n<p>Ein Abend zwischen Nostalgie, Camp und liebevoller Persiflage \u2013 kurz gesagt: ein Reigen des guten Geschmacks.<br>Wer also Lust hat auf einen Fernsehabend wie fr\u00fcher \u2013 nur ein bisschen schillernder, ein bisschen frecher und garantiert nicht ganz staatskonform \u2013 sollte sich diesen Samstag vormerken.<\/p>\n\n\n\n<p>Wir empfehlen zu diesem au\u00dfergew\u00f6hnlichen Fernsehabend mindestens 2 Flaschen Kr\u00f6ver Nacktarsch und ein Glas Spreewaldgurken &#8211; pro Person, versteht sich.<\/p>\n\n\n\n<p>Termin<br>Samstag, 7. M\u00e4rz 2026<\/p>\n\n\n\n<p>Einlass 19:00 Uhr<br>Beginn 20.00 Uhr<\/p>\n\n\n\n<p>AHA-Berlin e.V.<br>Monumentenstr. 7<br>Berlin Sch\u00f6neberg<\/p>\n\n\n\n<p>(Von unserer Musikredakteurin Frau Bond sollen wir ausrichten: sollte der Titel von Andreas Holm nicht ann\u00e4hernd am Original sein, startet sie h\u00f6chstpers\u00f6nlich den Schwarzen Kanal am Montag.)<\/p>\n","protected":false},"excerpt":{"rendered":"<div class=\"mh-excerpt\">Wer w\u00fcnscht sich das nicht: einen Fernsehabend am Wochenende, voller Spannung, mit professionellen Darstellerinnen und Darstellern, mitrei\u00dfender Musik und internationalen Stars. Vielleicht beginnt alles ganz klassisch \u2013 mit der \u201eAktuellen Kamera\u201c, der Nachrichtensendung des DDR-Fernsehens. <a class=\"mh-excerpt-more\" href=\"https:\/\/www.queerlive.de\/?p=3215\" title=\"Eventtipp\">[&#8230;]<\/a><\/div>\n","protected":false},"author":1,"featured_media":3216,"comment_status":"closed","ping_status":"open","sticky":false,"template":"","format":"standard","meta":{"_coblocks_attr":"","_coblocks_dimensions":"","_coblocks_responsive_height":"","_coblocks_accordion_ie_support":"","footnotes":""},"categories":[16,24],"tags":[],"class_list":["post-3215","post","type-post","status-publish","format-standard","has-post-thumbnail","category-buehne","category-community"],"_links":{"self":[{"href":"https:\/\/www.queerlive.de\/index.php?rest_route=\/wp\/v2\/posts\/3215","targetHints":{"allow":["GET"]}}],"collection":[{"href":"https:\/\/www.queerlive.de\/index.php?rest_route=\/wp\/v2\/posts"}],"about":[{"href":"https:\/\/www.queerlive.de\/index.php?rest_route=\/wp\/v2\/types\/post"}],"author":[{"embeddable":true,"href":"https:\/\/www.queerlive.de\/index.php?rest_route=\/wp\/v2\/users\/1"}],"replies":[{"embeddable":true,"href":"https:\/\/www.queerlive.de\/index.php?rest_route=%2Fwp%2Fv2%2Fcomments&post=3215"}],"version-history":[{"count":2,"href":"https:\/\/www.queerlive.de\/index.php?rest_route=\/wp\/v2\/posts\/3215\/revisions"}],"predecessor-version":[{"id":3218,"href":"https:\/\/www.queerlive.de\/index.php?rest_route=\/wp\/v2\/posts\/3215\/revisions\/3218"}],"wp:featuredmedia":[{"embeddable":true,"href":"https:\/\/www.queerlive.de\/index.php?rest_route=\/wp\/v2\/media\/3216"}],"wp:attachment":[{"href":"https:\/\/www.queerlive.de\/index.php?rest_route=%2Fwp%2Fv2%2Fmedia&parent=3215"}],"wp:term":[{"taxonomy":"category","embeddable":true,"href":"https:\/\/www.queerlive.de\/index.php?rest_route=%2Fwp%2Fv2%2Fcategories&post=3215"},{"taxonomy":"post_tag","embeddable":true,"href":"https:\/\/www.queerlive.de\/index.php?rest_route=%2Fwp%2Fv2%2Ftags&post=3215"}],"curies":[{"name":"wp","href":"https:\/\/api.w.org\/{rel}","templated":true}]}}