{"id":3227,"date":"2026-03-11T11:33:07","date_gmt":"2026-03-11T10:33:07","guid":{"rendered":"https:\/\/www.queerlive.de\/?p=3227"},"modified":"2026-03-11T11:33:08","modified_gmt":"2026-03-11T10:33:08","slug":"3227","status":"publish","type":"post","link":"https:\/\/www.queerlive.de\/?p=3227","title":{"rendered":"Premiere &#8211; ein Musical \u00fcber Aufbruch, Erinnerung und das Berlin der fr\u00fchen 90er"},"content":{"rendered":"\n<p>Mit \u201eWIR SIND AM LEBEN\u201c bringen Peter Plate und Ulf Leo Sommer ihr bislang pers\u00f6nlichstes Musical auf die B\u00fchne.<br>Die Premiere findet am 21. M\u00e4rz 2026 im Theater des Westens statt \u2013 jenem traditionsreichen Haus, in dem bereits ihre gro\u00dfen Musicalerfolge gefeiert wurden.<\/p>\n\n\n\n<p>Nach Erfolgen wie Ku\u2019damm 56, Ku\u2019damm 59, Romeo &amp; Julia \u2013 Liebe ist alles und zuletzt &#8211; Die Amme schlagen die beiden Kreativen nun ein neues Kapitel auf.<br>\u201eWIR SIND AM LEBEN\u201c ist ihr erstes vollst\u00e4ndig eigenst\u00e4ndig entwickeltes Musical \u2013 eine Geschichte \u00fcber Familie, Freiheit und das Lebensgef\u00fchl einer Generation, die mitten im Umbruch der fr\u00fchen 90er-Jahre erwachsen wurde.<\/p>\n\n\n\n<p>\u201eMit \u201aWIR SIND AM LEBEN\u2018 m\u00f6chten wir erinnern.<br>An die, die gegangen sind. An die, die zur\u00fcckblieben.<br>Und an das, was man nicht vergessen darf \u2013 auch wenn es leiser geworden ist.\u201c<br>So beschreiben Plate und Sommer selbst ihre Motivation.<\/p>\n\n\n\n<p>Das Musical versteht sich als Denkmal \u2013 nicht aus Stein, sondern aus Musik, Erinnerung und Emotion.<br>Berlin 1990: Eine Stadt im Ausnahmezustand.<\/p>\n\n\n\n<p>Die Handlung f\u00fchrt ins Jahr 1990, in eine Stadt, die gerade dabei ist, sich neu zu erfinden. Die Mauer ist gefallen, die Ordnung verschwunden \u2013 und pl\u00f6tzlich scheint alles m\u00f6glich.<br>Im Zentrum stehen die Geschwister Nina und Mario, die aus Wittenberg nach Berlin fliehen. Sie suchen Freiheit, Musik und einen Platz im Leben. Zuflucht finden sie in einem besetzten Altbau namens \u201eKonsum Hoffnung\u201c, wo eine improvisierte Gemeinschaft sogar ein Sorgentelefon betreibt \u2013 eine Mischung aus Zufluchtsort, WG und sozialem Experiment.<\/p>\n\n\n\n<p>W\u00e4hrend Mario sich in den kubanischen T\u00e4nzer Nando verliebt, tr\u00e4umt Nina von einer Karriere als Pops\u00e4ngerin \u2013 in einer Stadt, in der pl\u00f6tzlich Techno den Ton angibt. Die Euphorie des Aufbruchs mischt sich mit Unsicherheit, politischem Chaos und den Schatten der Zeit.<br>Denn die fr\u00fchen 90er sind nicht nur gepr\u00e4gt von Freiheit und Aufbruch \u2013 sie stehen auch im Zeichen der AIDS-Krise, die viele Leben ersch\u00fcttert.<\/p>\n\n\n\n<p>Zwischen Tragik, Humor und Berliner Wahnsinn<\/p>\n\n\n\n<p>Trotz des ernsten Hintergrunds ist \u201eWIR SIND AM LEBEN\u201c bewusst kein reines Drama.<br>Peter Plate beschreibt die Tonlage des Musicals so:<br>\u201eEs wird sehr, sehr komisch. Die 90er waren nicht nur traurig oder politisch \u2013 sie waren auch absurd, hemmungslos, z\u00e4rtlich verr\u00fcckt.\u201c<\/p>\n\n\n\n<p>Diese Mischung aus Melancholie, Humor und \u00fcberbordender Energie pr\u00e4gt auch die Figuren. Besonders im Mittelpunkt steht Rosi, die Mutter der beiden Geschwister. Gespielt wird sie von Steffi Irmen, bekannt aus zahlreichen Erfolgsproduktionen des Kreativteams.<br>Rosi taucht pl\u00f6tzlich in Berlin auf \u2013 \u00fcbergriffig, unangek\u00fcndigt und viel zu sp\u00e4t. Doch hinter ihrer impulsiven Art steckt der verzweifelte Versuch, ihre Kinder zur\u00fcckzugewinnen. Ihre Reise f\u00fchrt sie mitten hinein in das wilde, widerspr\u00fcchliche Berlin jener Jahre.<\/p>\n\n\n\n<p>Ein Projekt mit langer Geschichte<\/p>\n\n\n\n<p>Die Idee zu \u201eWIR SIND AM LEBEN\u201c begleitet Plate und Sommer schon lange. Bereits 2009 entwickelten sie erste musikalische Skizzen. Aus dieser fr\u00fchen Phase entstand schlie\u00dflich 2011 das letzte Album von Rosenstolz, das denselben Titel tr\u00e4gt.<br>Doch die Vision eines Musicals lie\u00df die beiden nie los. Erst im Sommer 2024 nahmen sie das Projekt erneut auf und entwickelten daraus das heutige B\u00fchnenwerk.<\/p>\n\n\n\n<p>Das Buch entstand gemeinsam mit Franziska Kuropka und Lukas Nimscheck, die auch Regie f\u00fchren. Die Musik stammt von Plate, Sommer und Joshua Lange, der bereits an fr\u00fcheren Erfolgen des Teams beteiligt war.<\/p>\n\n\n\n<p>Gro\u00dfe Inszenierung mit hochkar\u00e4tigem Team<\/p>\n\n\n\n<p>Die Produktion setzt auf ein gro\u00dfes Ensemble, Live-Musiker und eine spektakul\u00e4re Inszenierung.<br>F\u00fcr die Choreografien zeichnet der international gefeierte Jonathan Huor verantwortlich, der bereits mit Plate und Sommer zusammenarbeitete und auch beim Eurovision Song Contest 2025 beteiligt war.<\/p>\n\n\n\n<p>Die visuelle Gestaltung wird durch eine aufw\u00e4ndige Lichtinszenierung des Tony-Award-nominierten<\/p>\n\n\n\n<p>Designers Tim Deiling erg\u00e4nzt.<br>Musikalische Vorboten des Musicals gibt es bereits:<br>Im Mai 2025 erschien der erste Song \u201eSalon Rosie\u201c, gesungen von Steffi Irmen. Ein weiterer Titel, \u201eMein Berlin\u201c, folgte am 31. Oktober 2025.<br>Premiere in Berlin<\/p>\n\n\n\n<p>Mit \u201eWIR SIND AM LEBEN\u201c entsteht ein Musical \u00fcber eine Zeit, die viele bis heute pr\u00e4gt: \u00fcber Freiheit und Verlust, \u00fcber das Chaos nach der Wende \u2013 und \u00fcber eine Generation, die zwischen Euphorie und Angst versuchte, ihren eigenen Weg zu finden.<\/p>\n\n\n\n<p>Premiere: 21. M\u00e4rz 2026<\/p>\n\n\n\n<p>Ort: Theater des Westens, Berlin<\/p>\n\n\n\n<p>Infos &amp; Tickets: musicalsberlin.com<\/p>\n","protected":false},"excerpt":{"rendered":"<div class=\"mh-excerpt\">Mit \u201eWIR SIND AM LEBEN\u201c bringen Peter Plate und Ulf Leo Sommer ihr bislang pers\u00f6nlichstes Musical auf die B\u00fchne.Die Premiere findet am 21. M\u00e4rz 2026 im Theater des Westens statt \u2013 jenem traditionsreichen Haus, in <a class=\"mh-excerpt-more\" href=\"https:\/\/www.queerlive.de\/?p=3227\" title=\"Premiere &#8211; ein Musical \u00fcber Aufbruch, Erinnerung und das Berlin der fr\u00fchen 90er\">[&#8230;]<\/a><\/div>\n","protected":false},"author":1,"featured_media":3228,"comment_status":"closed","ping_status":"open","sticky":false,"template":"","format":"standard","meta":{"_coblocks_attr":"","_coblocks_dimensions":"","_coblocks_responsive_height":"","_coblocks_accordion_ie_support":"","footnotes":""},"categories":[11,12],"tags":[],"class_list":["post-3227","post","type-post","status-publish","format-standard","has-post-thumbnail","category-queere-musik","category-musik-by-radio-queerlive"],"_links":{"self":[{"href":"https:\/\/www.queerlive.de\/index.php?rest_route=\/wp\/v2\/posts\/3227","targetHints":{"allow":["GET"]}}],"collection":[{"href":"https:\/\/www.queerlive.de\/index.php?rest_route=\/wp\/v2\/posts"}],"about":[{"href":"https:\/\/www.queerlive.de\/index.php?rest_route=\/wp\/v2\/types\/post"}],"author":[{"embeddable":true,"href":"https:\/\/www.queerlive.de\/index.php?rest_route=\/wp\/v2\/users\/1"}],"replies":[{"embeddable":true,"href":"https:\/\/www.queerlive.de\/index.php?rest_route=%2Fwp%2Fv2%2Fcomments&post=3227"}],"version-history":[{"count":2,"href":"https:\/\/www.queerlive.de\/index.php?rest_route=\/wp\/v2\/posts\/3227\/revisions"}],"predecessor-version":[{"id":3239,"href":"https:\/\/www.queerlive.de\/index.php?rest_route=\/wp\/v2\/posts\/3227\/revisions\/3239"}],"wp:featuredmedia":[{"embeddable":true,"href":"https:\/\/www.queerlive.de\/index.php?rest_route=\/wp\/v2\/media\/3228"}],"wp:attachment":[{"href":"https:\/\/www.queerlive.de\/index.php?rest_route=%2Fwp%2Fv2%2Fmedia&parent=3227"}],"wp:term":[{"taxonomy":"category","embeddable":true,"href":"https:\/\/www.queerlive.de\/index.php?rest_route=%2Fwp%2Fv2%2Fcategories&post=3227"},{"taxonomy":"post_tag","embeddable":true,"href":"https:\/\/www.queerlive.de\/index.php?rest_route=%2Fwp%2Fv2%2Ftags&post=3227"}],"curies":[{"name":"wp","href":"https:\/\/api.w.org\/{rel}","templated":true}]}}