{"id":3271,"date":"2026-03-13T23:08:06","date_gmt":"2026-03-13T22:08:06","guid":{"rendered":"https:\/\/www.queerlive.de\/?p=3271"},"modified":"2026-03-13T23:09:51","modified_gmt":"2026-03-13T22:09:51","slug":"3271","status":"publish","type":"post","link":"https:\/\/www.queerlive.de\/?p=3271","title":{"rendered":"Livesendung am Sonntag (15.03.2026)"},"content":{"rendered":"\n<p>Latin Pop aus Berlin: Dario Black zu Gast bei Radio QueerLive<\/p>\n\n\n\n<p>Am kommenden Sonntag begr\u00fc\u00dft Radio QueerLive einen besonderen musikalischen Gast: Dario Black. Der venezolanisch-kolumbianische Singer-Songwriter, der heute in Berlin lebt, wird in der Sendung seine Musik, seine Geschichte und seine k\u00fcnstlerische Vision vorstellen.<\/p>\n\n\n\n<p>Dario Black steht f\u00fcr eine moderne Mischung aus Latin-Pop, R&amp;B und globalen Pop-Einfl\u00fcssen. Seine Songs verbinden eing\u00e4ngige Melodien mit pers\u00f6nlichen Texten und spiegeln eine musikalische Reise wider, die von verschiedenen Kulturen und St\u00e4dten gepr\u00e4gt ist.<\/p>\n\n\n\n<p>Seine Wurzeln in Venezuela und Kolumbien, kombiniert mit Erfahrungen aus internationalen Metropolen wie Los Angeles, Tokio und Berlin, pr\u00e4gen seinen unverwechselbaren Sound.<\/p>\n\n\n\n<p>Der K\u00fcnstler begann seine kreative Laufbahn urspr\u00fcnglich mit Poesie, bevor sich seine Texte zu Songs entwickelten. Diese pers\u00f6nliche und emotionale Herangehensweise ist bis heute ein zentraler Bestandteil seiner Musik.<br>Seine Lieder handeln von Selbstfindung, Liebe, Mut und Selbstakzeptanz \u2013 Themen, die viele Menschen unmittelbar ber\u00fchren.<\/p>\n\n\n\n<p>Mit seiner aktuellen Single \u201eOnce Again\u201c setzt Dario Black ein Zeichen f\u00fcr Selbstliebe und Neuanf\u00e4nge. Der Song, den er selbst produziert und auch visuell umgesetzt hat, erz\u00e4hlt von der Kraft, sich selbst wieder zu vertrauen und dem Leben eine neue Chance zu geben.<\/p>\n\n\n\n<p>Auch in der Berliner Musikszene sorgt Dario Black zunehmend f\u00fcr Aufmerksamkeit. 2024 wurde er bei den Listen to Berlin Awards als einer der drei besten Singer-Songwriter ausgezeichnet \u2013 ein wichtiger Schritt auf seinem k\u00fcnstlerischen Weg.<\/p>\n\n\n\n<p>In der Sendung bei Radio QueerLive wird Dario Black nicht nur seine Musik vorstellen, sondern auch Einblicke in seinen Werdegang geben: von seinen ersten kreativen Schritten \u00fcber internationale Erfahrungen bis hin zu seinem Leben als unabh\u00e4ngiger K\u00fcnstler in Berlin.<\/p>\n\n\n\n<p>Wer neugierig auf frische Latin-Pop-Sounds, pers\u00f6nliche Geschichten und inspirierende Musik ist, sollte diesen Besuch im Radio nicht verpassen.<\/p>\n\n\n\n<p>Weitere Themen<\/p>\n\n\n\n<p>In der Sendung reden wir auch \u00fcber CSDs und die Probleme, die sich den Vereinen oft in den Weg stellen.<br>Gleichzeitig stellen wir euch einen ganz neuen CSD vor.<\/p>\n\n\n\n<p>Radio QueerLive<br>Livesendung<\/p>\n\n\n\n<p>Statt: 15.00 Uhr<\/p>\n\n\n\n<p>DAB 12d<br>Berliner Kabel 92 6<\/p>\n\n\n\n<p>Stream www.queerlive.de<\/p>\n\n\n\n<p>Radio QueerLive sendet jeden Sonntag im Programm von Alex Berlin.<\/p>\n","protected":false},"excerpt":{"rendered":"<div class=\"mh-excerpt\">Latin Pop aus Berlin: Dario Black zu Gast bei Radio QueerLive Am kommenden Sonntag begr\u00fc\u00dft Radio QueerLive einen besonderen musikalischen Gast: Dario Black. Der venezolanisch-kolumbianische Singer-Songwriter, der heute in Berlin lebt, wird in der Sendung <a class=\"mh-excerpt-more\" href=\"https:\/\/www.queerlive.de\/?p=3271\" title=\"Livesendung am Sonntag (15.03.2026)\">[&#8230;]<\/a><\/div>\n","protected":false},"author":1,"featured_media":3272,"comment_status":"closed","ping_status":"open","sticky":false,"template":"","format":"standard","meta":{"_coblocks_attr":"","_coblocks_dimensions":"","_coblocks_responsive_height":"","_coblocks_accordion_ie_support":"","footnotes":""},"categories":[35],"tags":[],"class_list":["post-3271","post","type-post","status-publish","format-standard","has-post-thumbnail","category-programmvorschau"],"_links":{"self":[{"href":"https:\/\/www.queerlive.de\/index.php?rest_route=\/wp\/v2\/posts\/3271","targetHints":{"allow":["GET"]}}],"collection":[{"href":"https:\/\/www.queerlive.de\/index.php?rest_route=\/wp\/v2\/posts"}],"about":[{"href":"https:\/\/www.queerlive.de\/index.php?rest_route=\/wp\/v2\/types\/post"}],"author":[{"embeddable":true,"href":"https:\/\/www.queerlive.de\/index.php?rest_route=\/wp\/v2\/users\/1"}],"replies":[{"embeddable":true,"href":"https:\/\/www.queerlive.de\/index.php?rest_route=%2Fwp%2Fv2%2Fcomments&post=3271"}],"version-history":[{"count":2,"href":"https:\/\/www.queerlive.de\/index.php?rest_route=\/wp\/v2\/posts\/3271\/revisions"}],"predecessor-version":[{"id":3274,"href":"https:\/\/www.queerlive.de\/index.php?rest_route=\/wp\/v2\/posts\/3271\/revisions\/3274"}],"wp:featuredmedia":[{"embeddable":true,"href":"https:\/\/www.queerlive.de\/index.php?rest_route=\/wp\/v2\/media\/3272"}],"wp:attachment":[{"href":"https:\/\/www.queerlive.de\/index.php?rest_route=%2Fwp%2Fv2%2Fmedia&parent=3271"}],"wp:term":[{"taxonomy":"category","embeddable":true,"href":"https:\/\/www.queerlive.de\/index.php?rest_route=%2Fwp%2Fv2%2Fcategories&post=3271"},{"taxonomy":"post_tag","embeddable":true,"href":"https:\/\/www.queerlive.de\/index.php?rest_route=%2Fwp%2Fv2%2Ftags&post=3271"}],"curies":[{"name":"wp","href":"https:\/\/api.w.org\/{rel}","templated":true}]}}