{"id":3288,"date":"2026-03-16T14:00:00","date_gmt":"2026-03-16T13:00:00","guid":{"rendered":"https:\/\/www.queerlive.de\/?p=3288"},"modified":"2026-03-16T12:43:25","modified_gmt":"2026-03-16T11:43:25","slug":"%f0%9f%8f%b3%ef%b8%8f%f0%9f%8c%88%f0%9f%8f%b3%ef%b8%8f%f0%9f%8c%88%f0%9f%8f%b3%ef%b8%8f%f0%9f%8c%88-premiere-fuer-vielfalt-erster-christopher-street-day-in-lahr-angekuendig","status":"publish","type":"post","link":"https:\/\/www.queerlive.de\/?p=3288","title":{"rendered":"\ud83c\udff3\ufe0f\u200d\ud83c\udf08\ud83c\udff3\ufe0f\u200d\ud83c\udf08\ud83c\udff3\ufe0f\u200d\ud83c\udf08 Premiere f\u00fcr Vielfalt: Erster Christopher Street Day in Lahr angek\u00fcndigt \ud83c\udff3\ufe0f\u200d\ud83c\udf08\ud83c\udff3\ufe0f\u200d\ud83c\udf08\ud83c\udff3\ufe0f\u200d\ud83c\udf08"},"content":{"rendered":"\n<p>\ud83c\udff3\ufe0f\u200d\ud83c\udf08\ud83c\udff3\ufe0f\u200d\ud83c\udf08\ud83c\udff3\ufe0f\u200d\ud83c\udf08 Premiere f\u00fcr Vielfalt: Erster Christopher Street Day in Lahr angek\u00fcndigt \ud83c\udff3\ufe0f\u200d\ud83c\udf08\ud83c\udff3\ufe0f\u200d\ud83c\udf08\ud83c\udff3\ufe0f\u200d\ud83c\udf08<\/p>\n\n\n\n<p>Die Stadt Lahr setzt ein neues Zeichen f\u00fcr Vielfalt und gesellschaftlichen Zusammenhalt: Am 12. September 2026 wird erstmals ein Christopher Street Day (CSD) in der Ortenau stattfinden. Mit der Veranstaltung m\u00f6chte die Initiative CSD Lahr (in Gr\u00fcndung) Sichtbarkeit f\u00fcr die LGBTQIA+-Community schaffen und gleichzeitig ein klares Signal f\u00fcr Respekt, Gleichberechtigung und eine offene Gesellschaft senden.<\/p>\n\n\n\n<p>Ein Meilenstein f\u00fcr die Region<br>Christopher Street Days geh\u00f6ren seit vielen Jahren zu den wichtigsten Veranstaltungen der queeren Community weltweit. Sie erinnern an den Widerstand gegen Polizeigewalt in der New Yorker Christopher Street im Jahr 1969 und stehen heute symbolisch f\u00fcr den Einsatz f\u00fcr Gleichberechtigung, gesellschaftliche Akzeptanz und gegen Diskriminierung.<\/p>\n\n\n\n<p>Dass nun auch Lahr erstmals einen eigenen CSD ausrichtet, wird von den Organisator*innen als wichtiger Schritt f\u00fcr die Region gesehen.<br>Ziel ist es, einen Raum zu schaffen, in dem queere Menschen sichtbar sein k\u00f6nnen und gleichzeitig Unterst\u00fctzung aus der Gesellschaft erfahren.<\/p>\n\n\n\n<p>Demonstration, Begegnung und gemeinsames Feiern<\/p>\n\n\n\n<p>Der geplante CSD soll mehr sein als nur eine Demonstration. Die Veranstalter*innen planen einen Tag voller Begegnungen, Austausch und gemeinschaftlichem Engagement. Neben einer Demonstration durch die Stadt ist auch ein Rahmenprogramm mit Musik, Begegnungsm\u00f6glichkeiten und verschiedenen Aktionen vorgesehen.<br>Damit soll nicht nur auf die Rechte und Lebensrealit\u00e4ten queerer Menschen aufmerksam gemacht werden, sondern auch ein Ort entstehen, an dem Menschen miteinander ins Gespr\u00e4ch kommen k\u00f6nnen.<\/p>\n\n\n\n<p>Einladung an die gesamte Stadtgesellschaft<\/p>\n\n\n\n<p>Die Initiatorinnen betonen ausdr\u00fccklich, dass sich der CSD nicht ausschlie\u00dflich an Mitglieder der LGBTQIA+-Community richtet. &#8222;Alle Menschen \u2013 ob Teil der Community oder Unterst\u00fctzerinnen \u2013 sind eingeladen&#8220;, den Tag gemeinsam zu gestalten und ein Zeichen f\u00fcr eine vielf\u00e4ltige und solidarische Gesellschaft zu setzen.<br>Gerade in kleineren und mittleren St\u00e4dten seien solche Veranstaltungen wichtig, um Sichtbarkeit zu schaffen und zu zeigen, dass Vielfalt auch au\u00dferhalb gro\u00dfer Metropolen selbstverst\u00e4ndlich zum gesellschaftlichen Leben geh\u00f6rt.<br>Weitere Informationen folgen<br>Details zur Route der Demonstration, zum Programm und zu beteiligten Gruppen sollen in den kommenden Monaten ver\u00f6ffentlicht werden.<\/p>\n\n\n\n<p>Bis dahin rufen die Organisator*innen dazu auf, sich den Termin bereits jetzt vorzumerken.<\/p>\n\n\n\n<p>Termin: 12. September 2026<br>Ort: Lahr<\/p>\n\n\n\n<p>Mit dem ersten Christopher Street Day in Lahr k\u00f6nnte ein neues Kapitel f\u00fcr queere Sichtbarkeit in der Ortenau beginnen \u2013 und ein starkes Signal daf\u00fcr gesetzt werden, dass Vielfalt und gegenseitiger Respekt zentrale Werte einer modernen Gesellschaft sind. \ud83c\udff3\ufe0f\u200d\ud83c\udf08<\/p>\n","protected":false},"excerpt":{"rendered":"<div class=\"mh-excerpt\">\ud83c\udff3\ufe0f\u200d\ud83c\udf08\ud83c\udff3\ufe0f\u200d\ud83c\udf08\ud83c\udff3\ufe0f\u200d\ud83c\udf08 Premiere f\u00fcr Vielfalt: Erster Christopher Street Day in Lahr angek\u00fcndigt \ud83c\udff3\ufe0f\u200d\ud83c\udf08\ud83c\udff3\ufe0f\u200d\ud83c\udf08\ud83c\udff3\ufe0f\u200d\ud83c\udf08 Die Stadt Lahr setzt ein neues Zeichen f\u00fcr Vielfalt und gesellschaftlichen Zusammenhalt: Am 12. September 2026 wird erstmals ein Christopher Street Day (CSD) <a class=\"mh-excerpt-more\" href=\"https:\/\/www.queerlive.de\/?p=3288\" title=\"\ud83c\udff3\ufe0f\u200d\ud83c\udf08\ud83c\udff3\ufe0f\u200d\ud83c\udf08\ud83c\udff3\ufe0f\u200d\ud83c\udf08 Premiere f\u00fcr Vielfalt: Erster Christopher Street Day in Lahr angek\u00fcndigt \ud83c\udff3\ufe0f\u200d\ud83c\udf08\ud83c\udff3\ufe0f\u200d\ud83c\udf08\ud83c\udff3\ufe0f\u200d\ud83c\udf08\">[&#8230;]<\/a><\/div>\n","protected":false},"author":1,"featured_media":3291,"comment_status":"closed","ping_status":"open","sticky":false,"template":"","format":"standard","meta":{"_coblocks_attr":"","_coblocks_dimensions":"","_coblocks_responsive_height":"","_coblocks_accordion_ie_support":"","footnotes":""},"categories":[15],"tags":[],"class_list":["post-3288","post","type-post","status-publish","format-standard","has-post-thumbnail","category-csd-termine"],"_links":{"self":[{"href":"https:\/\/www.queerlive.de\/index.php?rest_route=\/wp\/v2\/posts\/3288","targetHints":{"allow":["GET"]}}],"collection":[{"href":"https:\/\/www.queerlive.de\/index.php?rest_route=\/wp\/v2\/posts"}],"about":[{"href":"https:\/\/www.queerlive.de\/index.php?rest_route=\/wp\/v2\/types\/post"}],"author":[{"embeddable":true,"href":"https:\/\/www.queerlive.de\/index.php?rest_route=\/wp\/v2\/users\/1"}],"replies":[{"embeddable":true,"href":"https:\/\/www.queerlive.de\/index.php?rest_route=%2Fwp%2Fv2%2Fcomments&post=3288"}],"version-history":[{"count":1,"href":"https:\/\/www.queerlive.de\/index.php?rest_route=\/wp\/v2\/posts\/3288\/revisions"}],"predecessor-version":[{"id":3290,"href":"https:\/\/www.queerlive.de\/index.php?rest_route=\/wp\/v2\/posts\/3288\/revisions\/3290"}],"wp:featuredmedia":[{"embeddable":true,"href":"https:\/\/www.queerlive.de\/index.php?rest_route=\/wp\/v2\/media\/3291"}],"wp:attachment":[{"href":"https:\/\/www.queerlive.de\/index.php?rest_route=%2Fwp%2Fv2%2Fmedia&parent=3288"}],"wp:term":[{"taxonomy":"category","embeddable":true,"href":"https:\/\/www.queerlive.de\/index.php?rest_route=%2Fwp%2Fv2%2Fcategories&post=3288"},{"taxonomy":"post_tag","embeddable":true,"href":"https:\/\/www.queerlive.de\/index.php?rest_route=%2Fwp%2Fv2%2Ftags&post=3288"}],"curies":[{"name":"wp","href":"https:\/\/api.w.org\/{rel}","templated":true}]}}