{"id":341,"date":"2025-05-27T15:18:26","date_gmt":"2025-05-27T13:18:26","guid":{"rendered":"http:\/\/2025.queerlive.de\/?p=341"},"modified":"2025-05-27T15:19:40","modified_gmt":"2025-05-27T13:19:40","slug":"edith-rennt","status":"publish","type":"post","link":"https:\/\/www.queerlive.de\/?p=341","title":{"rendered":"Edith rennt"},"content":{"rendered":"\n<p>Die Ades Zabel Company feiert sich selbst<\/p>\n\n\n\n<p>Ades Zabel ist aus der Berliner Kabarettszene nicht wegzudenken. Als Sch\u00f6pfer der kultigen Neuk\u00f6llner Kunstfigur Edith Schr\u00f6der hat er nicht nur das heimische Publikum seit Jahrzehnten im Griff \u2013 auch weit \u00fcber die Grenzen der Hauptstadt hinaus gilt Zabel als Ikone des subversiven Berliner Humors. Nun feiert die Ades Zabel Company nicht nur das eigene 20-j\u00e4hrige Jubil\u00e4um, sondern auch das 60. Lebensjahr ihres Gr\u00fcndervaters \u2013 und das wie gewohnt mit Glitter, Gags und Gesang.<\/p>\n\n\n\n<p>Mit der neuen Show \u201eEdith rennt\u201c blickt das Quartett um Zabel, Bob Schneider, Roman Shamov und Biggy van Blond zur\u00fcck auf zwei dekadenlange B\u00fchnengeschichte. Dabei wird nicht einfach nur R\u00fcckschau gehalten: In temporeichen Kurzversionen werden zentrale Produktionen aus dem Repertoire der vergangenen Jahre auf die B\u00fchne gebracht \u2013 darunter Highlights wie die legend\u00e4re Linie 8 oder der Kult-Weihnachtshit Wenn Ediths Glocken l\u00e4uten.<\/p>\n\n\n\n<p>Das Ganze wird durch frisch produzierte Videoeinspieler im Stil von Lola rennt verbunden \u2013 inklusive einer Edith Schr\u00f6der in Hochgeschwindigkeit, die durch Raum, Zeit und BKA-Theater sprintet. Einem Potpourri der Neuk\u00f6llnicals steht also nichts im Wege \u2013 nat\u00fcrlich mit allem, was das Zabel-Universum so einzigartig macht: Gesang, Tanz, schlagfertige Dialoge, herzhaftes Berlinerisch und der ein oder andere Futschi.<\/p>\n\n\n\n<p>F\u00fcr Fans bedeutet das: einmal tief durchatmen und dann rein in den Ring der Raucherlungen. Denn das hier ist kein stilles Gedenken an vergangene Erfolge, sondern eine mitrei\u00dfende Best-of-Revue, bei der der Humor genauso rau bleibt wie Ediths Stimme.<\/p>\n\n\n\n<p>Termine:<\/p>\n\n\n\n<p>Juli 2025 \u2013 jeweils 20 Uhr<br>Mi., 02. \/ Do., 03. \/ Fr., 04. \/ Sa., 05. Juli<br>Mi., 09. \/ Do., 10. \/ Fr., 11. \/ Sa., 12. Juli<br>Mi., 16. \/ Do., 17. \/ Fr., 18. \/ Sa., 19. Juli<\/p>\n\n\n\n<p>Eintritt: ab 27 \u20ac<br>Ort: BKA Theater Berlin<\/p>\n\n\n\n<p>Weitere Infos: www.adeszabel.de<\/p>\n","protected":false},"excerpt":{"rendered":"<div class=\"mh-excerpt\">Die Ades Zabel Company feiert sich selbst Ades Zabel ist aus der Berliner Kabarettszene nicht wegzudenken. Als Sch\u00f6pfer der kultigen Neuk\u00f6llner Kunstfigur Edith Schr\u00f6der hat er nicht nur das heimische Publikum seit Jahrzehnten im Griff <a class=\"mh-excerpt-more\" href=\"https:\/\/www.queerlive.de\/?p=341\" title=\"Edith rennt\">[&#8230;]<\/a><\/div>\n","protected":false},"author":1,"featured_media":342,"comment_status":"closed","ping_status":"open","sticky":false,"template":"","format":"standard","meta":{"_coblocks_attr":"","_coblocks_dimensions":"","_coblocks_responsive_height":"","_coblocks_accordion_ie_support":"","footnotes":""},"categories":[6],"tags":[],"class_list":["post-341","post","type-post","status-publish","format-standard","has-post-thumbnail","category-nachrichten-deutschland"],"_links":{"self":[{"href":"https:\/\/www.queerlive.de\/index.php?rest_route=\/wp\/v2\/posts\/341","targetHints":{"allow":["GET"]}}],"collection":[{"href":"https:\/\/www.queerlive.de\/index.php?rest_route=\/wp\/v2\/posts"}],"about":[{"href":"https:\/\/www.queerlive.de\/index.php?rest_route=\/wp\/v2\/types\/post"}],"author":[{"embeddable":true,"href":"https:\/\/www.queerlive.de\/index.php?rest_route=\/wp\/v2\/users\/1"}],"replies":[{"embeddable":true,"href":"https:\/\/www.queerlive.de\/index.php?rest_route=%2Fwp%2Fv2%2Fcomments&post=341"}],"version-history":[{"count":2,"href":"https:\/\/www.queerlive.de\/index.php?rest_route=\/wp\/v2\/posts\/341\/revisions"}],"predecessor-version":[{"id":344,"href":"https:\/\/www.queerlive.de\/index.php?rest_route=\/wp\/v2\/posts\/341\/revisions\/344"}],"wp:featuredmedia":[{"embeddable":true,"href":"https:\/\/www.queerlive.de\/index.php?rest_route=\/wp\/v2\/media\/342"}],"wp:attachment":[{"href":"https:\/\/www.queerlive.de\/index.php?rest_route=%2Fwp%2Fv2%2Fmedia&parent=341"}],"wp:term":[{"taxonomy":"category","embeddable":true,"href":"https:\/\/www.queerlive.de\/index.php?rest_route=%2Fwp%2Fv2%2Fcategories&post=341"},{"taxonomy":"post_tag","embeddable":true,"href":"https:\/\/www.queerlive.de\/index.php?rest_route=%2Fwp%2Fv2%2Ftags&post=341"}],"curies":[{"name":"wp","href":"https:\/\/api.w.org\/{rel}","templated":true}]}}