{"id":3483,"date":"2026-04-26T11:38:48","date_gmt":"2026-04-26T09:38:48","guid":{"rendered":"https:\/\/www.queerlive.de\/?p=3483"},"modified":"2026-04-26T11:40:07","modified_gmt":"2026-04-26T09:40:07","slug":"%f0%9f%8f%b3%ef%b8%8f%f0%9f%8c%88%f0%9f%8f%b3%ef%b8%8f%f0%9f%8c%88%f0%9f%8f%b3%ef%b8%8f%f0%9f%8c%88-livesendung-am-sonntag-%f0%9f%8f%b3%ef%b8%8f%f0%9f%8c%88-3","status":"publish","type":"post","link":"https:\/\/www.queerlive.de\/?p=3483","title":{"rendered":"\ud83c\udff3\ufe0f\u200d\ud83c\udf08\ud83c\udff3\ufe0f\u200d\ud83c\udf08\ud83c\udff3\ufe0f\u200d\ud83c\udf08 Livesendung am Sonntag \ud83c\udff3\ufe0f\u200d\ud83c\udf08\ud83c\udff3\ufe0f\u200d\ud83c\udf08\ud83c\udff3\ufe0f\u200d\ud83c\udf08Radio Queer Live \u2013 Programmvorschau f\u00fcr Sonntag"},"content":{"rendered":"\n<p>Ab 15 Uhr hei\u00dft es wieder einschalten, wenn Radio QueerLive \u2013 Berlins schwules und lesbisches Magazin \u2013 auf Sendung geht, wie immer im Programm von Alex Berlin.<\/p>\n\n\n\n<p>Auch heute haben wir Themen, die bewegen, aufregen und zum Nachdenken anregen \u2013 und manchmal auch ein kleines Schmunzeln erlauben.<\/p>\n\n\n\n<p>Wir blicken zur\u00fcck auf den gestrigen CSD in Sch\u00f6nebeck an der Elbe. Ein bunter, lauter, sichtbarer Tag f\u00fcr Vielfalt \u2013 w\u00e4re da nicht diese eine, sagen wir mal\u2026 auff\u00e4llig gro\u00dfe Pride-Fahne gewesen. Rund 400 Quadratmeter misst das gute St\u00fcck.<br>Und ja, sie war da. Dann war sie pl\u00f6tzlich weg. Einfach so. Verschwunden.<br>Als h\u00e4tte sie sich kurz selbstst\u00e4ndig gemacht. Um wenig sp\u00e4ter \u2013 ganz unaufgeregt \u2013 wieder aufzutauchen. Ein kleines Mysterium zwischen Stoff, Stolz und vermutlich sehr viel Wind. Wir erz\u00e4hlen euch die ganze Geschichte \u2013 mit einem Augenzwinkern.<\/p>\n\n\n\n<p>Homophobie im Jahr 2026<\/p>\n\n\n\n<p>Doch unser Hauptthema heute ist alles andere als leicht.<br>Wir sprechen \u00fcber einen Fall, der zeigt, dass Homophobie l\u00e4ngst nicht Vergangenheit ist \u2013 sondern f\u00fcr manche bittere Gegenwart.<br>Im Mittelpunkt steht ein junger Mann, der ein ganz normales Leben f\u00fchrt: Er geht arbeiten, engagiert sich, baut sich seine Zukunft auf.<\/p>\n\n\n\n<p>Bis er einen Mann heiratet. Und genau das wird zum Wendepunkt.<br>Pl\u00f6tzlich wird sein Arbeitsplatz zu einem Ort, an dem er sich nicht mehr sicher f\u00fchlt.<br>Homophobie wird zum Alltag. Kommentare, Ausgrenzung, Widerst\u00e4nde.<br>Als er sich schlie\u00dflich an den Betriebsrat wendet, in der Hoffnung auf Unterst\u00fctzung, eskaliert die Situation: Ausgerechnet dort wird er auf massivste und verletzendste Weise homophob beleidigt.<\/p>\n\n\n\n<p>Wir sprechen dar\u00fcber, was genau passiert ist. Wie es sich anf\u00fchlt, Tag f\u00fcr Tag in einem solchen Umfeld zu bestehen.<br>Ob man so etwas \u00fcberhaupt aushalten kann \u2013 oder sollte. Und wir werfen einen Blick darauf, wie das Unternehmen mit dem Fall und dem Verantwortlichen umgeht.<\/p>\n\n\n\n<p>Ein Thema, das betroffen macht. Aber auch eines, \u00fcber das gesprochen werden muss.<br>Heute!<\/p>\n\n\n\n<p>Das alles \u2013 und mehr \u2013 heute ab 15 Uhr bei Radio QueerLive.<br>Einschalten. Zuh\u00f6ren. Mitdenken.<\/p>\n\n\n\n<p>Radio QueerLive<br>Livesendung<\/p>\n\n\n\n<p>Start 15.00 Uhr<\/p>\n\n\n\n<p>DAB 12d<br>Berliner Kabel 92 6<br>Stream www.queerlive.de<\/p>\n\n\n\n<p>Radio QueerLive sendet jeden Sonntag im Programm von Alex Berlin zwischen 15.00 und 16.00 Uhr.<\/p>\n","protected":false},"excerpt":{"rendered":"<div class=\"mh-excerpt\">Ab 15 Uhr hei\u00dft es wieder einschalten, wenn Radio QueerLive \u2013 Berlins schwules und lesbisches Magazin \u2013 auf Sendung geht, wie immer im Programm von Alex Berlin. Auch heute haben wir Themen, die bewegen, aufregen <a class=\"mh-excerpt-more\" href=\"https:\/\/www.queerlive.de\/?p=3483\" title=\"\ud83c\udff3\ufe0f\u200d\ud83c\udf08\ud83c\udff3\ufe0f\u200d\ud83c\udf08\ud83c\udff3\ufe0f\u200d\ud83c\udf08 Livesendung am Sonntag \ud83c\udff3\ufe0f\u200d\ud83c\udf08\ud83c\udff3\ufe0f\u200d\ud83c\udf08\ud83c\udff3\ufe0f\u200d\ud83c\udf08Radio Queer Live \u2013 Programmvorschau f\u00fcr Sonntag\">[&#8230;]<\/a><\/div>\n","protected":false},"author":1,"featured_media":3484,"comment_status":"closed","ping_status":"open","sticky":false,"template":"","format":"standard","meta":{"_coblocks_attr":"","_coblocks_dimensions":"","_coblocks_responsive_height":"","_coblocks_accordion_ie_support":"","footnotes":""},"categories":[35],"tags":[],"class_list":["post-3483","post","type-post","status-publish","format-standard","has-post-thumbnail","category-programmvorschau"],"_links":{"self":[{"href":"https:\/\/www.queerlive.de\/index.php?rest_route=\/wp\/v2\/posts\/3483","targetHints":{"allow":["GET"]}}],"collection":[{"href":"https:\/\/www.queerlive.de\/index.php?rest_route=\/wp\/v2\/posts"}],"about":[{"href":"https:\/\/www.queerlive.de\/index.php?rest_route=\/wp\/v2\/types\/post"}],"author":[{"embeddable":true,"href":"https:\/\/www.queerlive.de\/index.php?rest_route=\/wp\/v2\/users\/1"}],"replies":[{"embeddable":true,"href":"https:\/\/www.queerlive.de\/index.php?rest_route=%2Fwp%2Fv2%2Fcomments&post=3483"}],"version-history":[{"count":2,"href":"https:\/\/www.queerlive.de\/index.php?rest_route=\/wp\/v2\/posts\/3483\/revisions"}],"predecessor-version":[{"id":3486,"href":"https:\/\/www.queerlive.de\/index.php?rest_route=\/wp\/v2\/posts\/3483\/revisions\/3486"}],"wp:featuredmedia":[{"embeddable":true,"href":"https:\/\/www.queerlive.de\/index.php?rest_route=\/wp\/v2\/media\/3484"}],"wp:attachment":[{"href":"https:\/\/www.queerlive.de\/index.php?rest_route=%2Fwp%2Fv2%2Fmedia&parent=3483"}],"wp:term":[{"taxonomy":"category","embeddable":true,"href":"https:\/\/www.queerlive.de\/index.php?rest_route=%2Fwp%2Fv2%2Fcategories&post=3483"},{"taxonomy":"post_tag","embeddable":true,"href":"https:\/\/www.queerlive.de\/index.php?rest_route=%2Fwp%2Fv2%2Ftags&post=3483"}],"curies":[{"name":"wp","href":"https:\/\/api.w.org\/{rel}","templated":true}]}}