{"id":3487,"date":"2026-04-26T20:29:41","date_gmt":"2026-04-26T18:29:41","guid":{"rendered":"https:\/\/www.queerlive.de\/?p=3487"},"modified":"2026-04-26T20:31:09","modified_gmt":"2026-04-26T18:31:09","slug":"nach-ihrem-geburtstag","status":"publish","type":"post","link":"https:\/\/www.queerlive.de\/?p=3487","title":{"rendered":"+++ Nach ihrem Geburtstag +++ Erinnerung an Ovo Maltine"},"content":{"rendered":"\n<p>Wenige Tage nach dem 16. April richtet sich der Blick zur\u00fcck auf den Geburtstag von Ovo Maltine. Sie w\u00e4re in diesem Jahr erneut \u00e4lter geworden \u2013 ein Anlass, um sich an eine Pers\u00f6nlichkeit zu erinnern, die die queere Szene und den AIDS-Aktivismus in Deutschland nachhaltig gepr\u00e4gt hat.<\/p>\n\n\n\n<p>Geboren wurde sie 1966 als Christoph Josten im rheinland-pf\u00e4lzischen Rech an der Ahr. Unter dem Namen Ovo Maltine entwickelte sie sich in den folgenden Jahrzehnten zu einer markanten Stimme zwischen Kunst, Politik und Subkultur.<\/p>\n\n\n\n<p>Kunst als politisches Statement<\/p>\n\n\n\n<p>Ovo Maltine verband B\u00fchne und Botschaft auf konsequente Weise. Als Polit- und Kabarett-Tunte nutzte sie gezielt Provokation, Humor und Inszenierung, um gesellschaftliche Missst\u00e4nde sichtbar zu machen. Ihre Auftritte waren nie blo\u00df Unterhaltung, sondern immer auch politische Intervention.<br>Ihr Engagement bei den Schwestern der Perpetuellen Indulgenz machte sie zu einem wichtigen Teil einer Bewegung, die sich mit kreativen Aktionen f\u00fcr Aufkl\u00e4rung und Solidarit\u00e4t einsetzte. Gerade in einer Zeit, in der AIDS stark stigmatisiert war, schuf sie Sichtbarkeit und setzte Zeichen gegen Ausgrenzung.<\/p>\n\n\n\n<p>Aktivismus in bewegten Zeiten<\/p>\n\n\n\n<p>Die 1980er- und 1990er-Jahre waren gepr\u00e4gt von Unsicherheit und Diskriminierung gegen\u00fcber Menschen mit HIV und AIDS. Ovo Maltine stellte sich dieser Realit\u00e4t mit Mut und Klarheit entgegen. Sie engagierte sich nicht nur k\u00fcnstlerisch, sondern auch konkret f\u00fcr bessere Lebensbedingungen und gesellschaftliche Akzeptanz.<br>Dabei arbeitete sie unter anderem mit K\u00fcnstlern wie Jimmy Somerville zusammen und trug dazu bei, Aktivismus und Popkultur miteinander zu verbinden.<\/p>\n\n\n\n<p>Ein Leben in Berlin \u2013 und dar\u00fcber hinaus<\/p>\n\n\n\n<p>Ihr Lebensmittelpunkt war Berlin, wo sie bis zu ihrem Tod im Jahr 2005 wirkte. Die Stadt bot ihr den Raum f\u00fcr ihre k\u00fcnstlerische und politische Entfaltung \u2013 und wurde zugleich zur B\u00fchne ihres Engagements.<br>Bis heute bleibt ihre Erinnerung lebendig: Ihr Wirken ist Teil queerer Geschichte, ihr Name steht f\u00fcr eine Zeit des Widerstands, aber auch der Solidarit\u00e4t.<br>Ein Verm\u00e4chtnis, das nachwirkt<br>Kurz nach ihrem Geburtstag wird besonders deutlich, wie sehr Ovo Maltine bis heute nachwirkt. Sie steht f\u00fcr eine Generation von Aktivistinnen und Aktivisten, die mit Kreativit\u00e4t und Entschlossenheit gegen gesellschaftliche Ausgrenzung k\u00e4mpften.<br>Ihr Leben zeigt, dass politischer Protest viele Formen annehmen kann \u2013 laut, unbequem, humorvoll und zutiefst menschlich. Ein Verm\u00e4chtnis, das auch heute nichts von seiner Relevanz verloren hat.<\/p>\n\n\n\n<p>Ovo Maltine w\u00e4re am 16. April 2026 60 Jahre geworden.<\/p>\n\n\n\n<p>Radio QueerLive<br>Redaktion<\/p>\n","protected":false},"excerpt":{"rendered":"<div class=\"mh-excerpt\">Wenige Tage nach dem 16. April richtet sich der Blick zur\u00fcck auf den Geburtstag von Ovo Maltine. Sie w\u00e4re in diesem Jahr erneut \u00e4lter geworden \u2013 ein Anlass, um sich an eine Pers\u00f6nlichkeit zu erinnern, <a class=\"mh-excerpt-more\" href=\"https:\/\/www.queerlive.de\/?p=3487\" title=\"+++ Nach ihrem Geburtstag +++ Erinnerung an Ovo Maltine\">[&#8230;]<\/a><\/div>\n","protected":false},"author":1,"featured_media":3489,"comment_status":"closed","ping_status":"open","sticky":false,"template":"","format":"standard","meta":{"_coblocks_attr":"","_coblocks_dimensions":"","_coblocks_responsive_height":"","_coblocks_accordion_ie_support":"","footnotes":""},"categories":[24],"tags":[],"class_list":["post-3487","post","type-post","status-publish","format-standard","has-post-thumbnail","category-community"],"_links":{"self":[{"href":"https:\/\/www.queerlive.de\/index.php?rest_route=\/wp\/v2\/posts\/3487","targetHints":{"allow":["GET"]}}],"collection":[{"href":"https:\/\/www.queerlive.de\/index.php?rest_route=\/wp\/v2\/posts"}],"about":[{"href":"https:\/\/www.queerlive.de\/index.php?rest_route=\/wp\/v2\/types\/post"}],"author":[{"embeddable":true,"href":"https:\/\/www.queerlive.de\/index.php?rest_route=\/wp\/v2\/users\/1"}],"replies":[{"embeddable":true,"href":"https:\/\/www.queerlive.de\/index.php?rest_route=%2Fwp%2Fv2%2Fcomments&post=3487"}],"version-history":[{"count":2,"href":"https:\/\/www.queerlive.de\/index.php?rest_route=\/wp\/v2\/posts\/3487\/revisions"}],"predecessor-version":[{"id":3491,"href":"https:\/\/www.queerlive.de\/index.php?rest_route=\/wp\/v2\/posts\/3487\/revisions\/3491"}],"wp:featuredmedia":[{"embeddable":true,"href":"https:\/\/www.queerlive.de\/index.php?rest_route=\/wp\/v2\/media\/3489"}],"wp:attachment":[{"href":"https:\/\/www.queerlive.de\/index.php?rest_route=%2Fwp%2Fv2%2Fmedia&parent=3487"}],"wp:term":[{"taxonomy":"category","embeddable":true,"href":"https:\/\/www.queerlive.de\/index.php?rest_route=%2Fwp%2Fv2%2Fcategories&post=3487"},{"taxonomy":"post_tag","embeddable":true,"href":"https:\/\/www.queerlive.de\/index.php?rest_route=%2Fwp%2Fv2%2Ftags&post=3487"}],"curies":[{"name":"wp","href":"https:\/\/api.w.org\/{rel}","templated":true}]}}