{"id":3492,"date":"2026-05-02T08:10:27","date_gmt":"2026-05-02T06:10:27","guid":{"rendered":"https:\/\/www.queerlive.de\/?p=3492"},"modified":"2026-05-02T08:11:25","modified_gmt":"2026-05-02T06:11:25","slug":"3492","status":"publish","type":"post","link":"https:\/\/www.queerlive.de\/?p=3492","title":{"rendered":"\ud83c\udff3\ufe0f\u200d\ud83c\udf08\ud83c\udff3\ufe0f\u200d\ud83c\udf08\ud83c\udff3\ufe0f\u200d\ud83c\udf08 Aktivismus braucht Unterst\u00fctzung \u2013 jetzt mehr denn je \ud83c\udff3\ufe0f\u200d\ud83c\udf08\ud83c\udff3\ufe0f\u200d\ud83c\udf08\ud83c\udff3\ufe0f\u200d\ud83c\udf08"},"content":{"rendered":"\n<p>Die CSD-Saison hat begonnen \u2013 und sie ist mit einer Wucht gestartet, die deutlich macht, wie gro\u00df das Bed\u00fcrfnis nach Sichtbarkeit, Gemeinschaft und politischem Ausdruck ist.<\/p>\n\n\n\n<p>Beim Auftakt in Sch\u00f6nebeck (Elbe) wurde sp\u00fcrbar, was lange gefehlt hat: Menschen, die gemeinsam auf die Stra\u00dfe gehen, die sich zeigen, die sich gegenseitig st\u00e4rken. Es war ein Moment des Aufatmens \u2013 aber auch ein Moment der Erkenntnis. Denn die Bewegung hat sich ver\u00e4ndert. Sie ist reflektierter, entschlossener und besser organisiert.<br>Ein Jahr nach schwierigen Erfahrungen vor Ort hat sich gezeigt: Aktivismus ist lernf\u00e4hig. Strukturen wurden verbessert, Sicherheitskonzepte gesch\u00e4rft und Kooperationen gest\u00e4rkt. Das Ergebnis: eine kraftvolle Demonstration, die Mut macht f\u00fcr alles, was noch kommt.<br>Der Blick richtet sich nach Dessau-Ro\u00dflau<\/p>\n\n\n\n<p>CSD Dessau &#8211; heute<\/p>\n\n\n\n<p>Heute, am 02. Mai, steht der n\u00e4chste gro\u00dfe Moment an: der CSD in Dessau-Ro\u00dflau. Und dieser Tag ist mehr als nur ein weiterer Termin im Kalender \u2013 er ist ein Gradmesser daf\u00fcr, wie ernst es Deutschland mit Vielfalt und demokratischem Engagement meint.<\/p>\n\n\n\n<p>Der CSD Dessau zeigt, was m\u00f6glich ist, wenn Zusammenarbeit funktioniert. Stadtverwaltung, Beh\u00f6rden und Polizei haben im Vorfeld eng kooperiert. Ein engagiertes Team hat aus den Erfahrungen der Vergangenheit gelernt und eine Aktionswoche auf die Beine gestellt, die queeres Leben sichtbar macht und in den Mittelpunkt r\u00fcckt.<br>Doch hinter dieser Erfolgsgeschichte verbirgt sich eine Realit\u00e4t, die alarmierend ist.<br>Engagement am Limit<br>Trotz politischer Beschl\u00fcsse zur Unterst\u00fctzung von CSD-Veranstaltungen bleibt die finanzielle Situation angespannt. Bereits seit 2022 existiert ein Stadtratsbeschluss zur F\u00f6rderung \u2013 doch die zugesagten Mittel lassen bis heute auf sich warten.<\/p>\n\n\n\n<p>Gleichzeitig sind Programme wie \u201eDemokratie leben!\u201c vor Ort ins Stocken geraten.<br>Das Ergebnis: eine massive Finanzierungsl\u00fccke.<br>Der Verein CSD Dessau-Ro\u00dflau e.V. steht damit stellvertretend f\u00fcr viele Initiativen, die mit gro\u00dfem ehrenamtlichen Engagement arbeiten, aber strukturell ausgebremst werden. Erst seit Kurzem eigenst\u00e4ndig aktiv und eingebunden in den Christopher-Street-Day Sachsen-Anhalt e.V., ist der Verein auf Unterst\u00fctzung angewiesen \u2013 ideell wie finanziell.<\/p>\n\n\n\n<p>Warum Dessau heute z\u00e4hlt<\/p>\n\n\n\n<p>Der heutige CSD ist deshalb mehr als eine Demonstration. Er ist ein Signal. Ein Signal daf\u00fcr, dass queere Sichtbarkeit nicht selbstverst\u00e4ndlich ist. Dass sie erk\u00e4mpft, organisiert und finanziert werden muss.<br>Wer heute auf dem Marktplatz in Dessau steht, setzt ein Zeichen \u2013 gegen Gleichg\u00fcltigkeit, gegen Unsichtbarkeit und gegen strukturelle H\u00fcrden. Und f\u00fcr eine Gesellschaft, die Vielfalt nicht nur toleriert, sondern aktiv sch\u00fctzt und f\u00f6rdert.<\/p>\n\n\n\n<p>Ein Aufruf an uns alle<\/p>\n\n\n\n<p>Aktivismus lebt von Menschen. Von denen, die planen, organisieren und Verantwortung \u00fcbernehmen. Und von denen, die kommen, unterst\u00fctzen, spenden und laut sind.<br>Dessau ist heute ein Ort, an dem genau das sichtbar wird.<br>Die CSD-Saison hat gerade erst begonnen. Doch schon jetzt zeigt sich: Die Herausforderungen sind gro\u00df \u2013 aber die Entschlossenheit ist gr\u00f6\u00dfer.<\/p>\n\n\n\n<p>Sichtbarkeit ist politisch.<\/p>\n\n\n\n<p>Engagement ist notwendig. Unterst\u00fctzung ist entscheidend.<br>Oder anders gesagt:<br>F\u00fcr Vielfalt.<br>F\u00fcr Zusammenhalt.<br>F\u00fcr eine offene Gesellschaft.<\/p>\n\n\n\n<p>Radio QueerLive<br>Die Livesendung<\/p>\n\n\n\n<p>Olaf Wunderbar und Andreas sind auf dem Weg nach Dessau.<br>Gegen 12.00 Uhr geht Radio QueerLive OnAir vom CSD Dessau.<\/p>\n\n\n\n<p>Radio QueerLive<br>Live aus Dessau<\/p>\n\n\n\n<p>Start: 12.00 Uhr<\/p>\n\n\n\n<p>Stream: www.queerlive.de<\/p>\n","protected":false},"excerpt":{"rendered":"<div class=\"mh-excerpt\">Die CSD-Saison hat begonnen \u2013 und sie ist mit einer Wucht gestartet, die deutlich macht, wie gro\u00df das Bed\u00fcrfnis nach Sichtbarkeit, Gemeinschaft und politischem Ausdruck ist. Beim Auftakt in Sch\u00f6nebeck (Elbe) wurde sp\u00fcrbar, was lange <a class=\"mh-excerpt-more\" href=\"https:\/\/www.queerlive.de\/?p=3492\" title=\"\ud83c\udff3\ufe0f\u200d\ud83c\udf08\ud83c\udff3\ufe0f\u200d\ud83c\udf08\ud83c\udff3\ufe0f\u200d\ud83c\udf08 Aktivismus braucht Unterst\u00fctzung \u2013 jetzt mehr denn je \ud83c\udff3\ufe0f\u200d\ud83c\udf08\ud83c\udff3\ufe0f\u200d\ud83c\udf08\ud83c\udff3\ufe0f\u200d\ud83c\udf08\">[&#8230;]<\/a><\/div>\n","protected":false},"author":1,"featured_media":3493,"comment_status":"closed","ping_status":"open","sticky":false,"template":"","format":"standard","meta":{"_coblocks_attr":"","_coblocks_dimensions":"","_coblocks_responsive_height":"","_coblocks_accordion_ie_support":"","footnotes":""},"categories":[15,35],"tags":[],"class_list":["post-3492","post","type-post","status-publish","format-standard","has-post-thumbnail","category-csd-termine","category-programmvorschau"],"_links":{"self":[{"href":"https:\/\/www.queerlive.de\/index.php?rest_route=\/wp\/v2\/posts\/3492","targetHints":{"allow":["GET"]}}],"collection":[{"href":"https:\/\/www.queerlive.de\/index.php?rest_route=\/wp\/v2\/posts"}],"about":[{"href":"https:\/\/www.queerlive.de\/index.php?rest_route=\/wp\/v2\/types\/post"}],"author":[{"embeddable":true,"href":"https:\/\/www.queerlive.de\/index.php?rest_route=\/wp\/v2\/users\/1"}],"replies":[{"embeddable":true,"href":"https:\/\/www.queerlive.de\/index.php?rest_route=%2Fwp%2Fv2%2Fcomments&post=3492"}],"version-history":[{"count":2,"href":"https:\/\/www.queerlive.de\/index.php?rest_route=\/wp\/v2\/posts\/3492\/revisions"}],"predecessor-version":[{"id":3495,"href":"https:\/\/www.queerlive.de\/index.php?rest_route=\/wp\/v2\/posts\/3492\/revisions\/3495"}],"wp:featuredmedia":[{"embeddable":true,"href":"https:\/\/www.queerlive.de\/index.php?rest_route=\/wp\/v2\/media\/3493"}],"wp:attachment":[{"href":"https:\/\/www.queerlive.de\/index.php?rest_route=%2Fwp%2Fv2%2Fmedia&parent=3492"}],"wp:term":[{"taxonomy":"category","embeddable":true,"href":"https:\/\/www.queerlive.de\/index.php?rest_route=%2Fwp%2Fv2%2Fcategories&post=3492"},{"taxonomy":"post_tag","embeddable":true,"href":"https:\/\/www.queerlive.de\/index.php?rest_route=%2Fwp%2Fv2%2Ftags&post=3492"}],"curies":[{"name":"wp","href":"https:\/\/api.w.org\/{rel}","templated":true}]}}