{"id":357,"date":"2025-05-28T11:00:00","date_gmt":"2025-05-28T09:00:00","guid":{"rendered":"http:\/\/2025.queerlive.de\/?p=357"},"modified":"2025-05-27T20:42:11","modified_gmt":"2025-05-27T18:42:11","slug":"karneval-der-kulturen-2025","status":"publish","type":"post","link":"https:\/\/www.queerlive.de\/?p=357","title":{"rendered":"Karneval der Kulturen 2025"},"content":{"rendered":"\n<p>Neue Route, bew\u00e4hrte Vielfalt.<br>Radio QueerLive informiert<\/p>\n\n\n\n<p>Am Pfingstwochenende ist es wieder so weit: Der Karneval der Kulturen bringt vom 6. bis 9. Juni Farbe, Musik und gelebte Vielfalt in die Stra\u00dfen Berlins.<\/p>\n\n\n\n<p>Das gro\u00dfe Umzugshighlight findet am Sonntag, den 8. Juni, statt \u2013 erstmals mit einer neuen Route, die von Friedrichshain \u00fcber die Frankfurter Allee und Karl-Marx-Allee bis in die Berliner Mitte f\u00fchrt. Damit setzt der Karneval ein starkes Zeichen f\u00fcr Sichtbarkeit, Zusammenhalt und kulturelle Teilhabe.<\/p>\n\n\n\n<p>Bereits eine Woche vor dem Event sendet Radio QueerLive am Sonntag, dem 1. Juni, einen ausf\u00fchrlichen Bericht \u00fcber den bevorstehenden Karneval der Kulturen. Darin geben wir spannende Einblicke, Hintergr\u00fcnde und Infos rund um das Fest. Zus\u00e4tzlich ver\u00f6ffentlichen wir am Sendetag weitere Inhalte auf unserer Facebook-Seite.<\/p>\n\n\n\n<p>Radio Queerlive<br>Die Livesendung<\/p>\n\n\n\n<p>Berlin 91,0 MHz<br>Kabel 92,6<br>DAB 7D<br>Stream www.queerlive.de<\/p>\n","protected":false},"excerpt":{"rendered":"<div class=\"mh-excerpt\">Neue Route, bew\u00e4hrte Vielfalt.Radio QueerLive informiert Am Pfingstwochenende ist es wieder so weit: Der Karneval der Kulturen bringt vom 6. bis 9. Juni Farbe, Musik und gelebte Vielfalt in die Stra\u00dfen Berlins. Das gro\u00dfe Umzugshighlight <a class=\"mh-excerpt-more\" href=\"https:\/\/www.queerlive.de\/?p=357\" title=\"Karneval der Kulturen 2025\">[&#8230;]<\/a><\/div>\n","protected":false},"author":1,"featured_media":358,"comment_status":"closed","ping_status":"open","sticky":false,"template":"","format":"standard","meta":{"_coblocks_attr":"","_coblocks_dimensions":"","_coblocks_responsive_height":"","_coblocks_accordion_ie_support":"","footnotes":""},"categories":[6],"tags":[],"class_list":["post-357","post","type-post","status-publish","format-standard","has-post-thumbnail","category-nachrichten-deutschland"],"_links":{"self":[{"href":"https:\/\/www.queerlive.de\/index.php?rest_route=\/wp\/v2\/posts\/357","targetHints":{"allow":["GET"]}}],"collection":[{"href":"https:\/\/www.queerlive.de\/index.php?rest_route=\/wp\/v2\/posts"}],"about":[{"href":"https:\/\/www.queerlive.de\/index.php?rest_route=\/wp\/v2\/types\/post"}],"author":[{"embeddable":true,"href":"https:\/\/www.queerlive.de\/index.php?rest_route=\/wp\/v2\/users\/1"}],"replies":[{"embeddable":true,"href":"https:\/\/www.queerlive.de\/index.php?rest_route=%2Fwp%2Fv2%2Fcomments&post=357"}],"version-history":[{"count":1,"href":"https:\/\/www.queerlive.de\/index.php?rest_route=\/wp\/v2\/posts\/357\/revisions"}],"predecessor-version":[{"id":359,"href":"https:\/\/www.queerlive.de\/index.php?rest_route=\/wp\/v2\/posts\/357\/revisions\/359"}],"wp:featuredmedia":[{"embeddable":true,"href":"https:\/\/www.queerlive.de\/index.php?rest_route=\/wp\/v2\/media\/358"}],"wp:attachment":[{"href":"https:\/\/www.queerlive.de\/index.php?rest_route=%2Fwp%2Fv2%2Fmedia&parent=357"}],"wp:term":[{"taxonomy":"category","embeddable":true,"href":"https:\/\/www.queerlive.de\/index.php?rest_route=%2Fwp%2Fv2%2Fcategories&post=357"},{"taxonomy":"post_tag","embeddable":true,"href":"https:\/\/www.queerlive.de\/index.php?rest_route=%2Fwp%2Fv2%2Ftags&post=357"}],"curies":[{"name":"wp","href":"https:\/\/api.w.org\/{rel}","templated":true}]}}