{"id":383,"date":"2025-05-28T15:42:43","date_gmt":"2025-05-28T13:42:43","guid":{"rendered":"http:\/\/2025.queerlive.de\/?p=383"},"modified":"2025-05-28T15:44:06","modified_gmt":"2025-05-28T13:44:06","slug":"neue-queerbeauftragte","status":"publish","type":"post","link":"https:\/\/www.queerlive.de\/?p=383","title":{"rendered":"Neue Queerbeauftragte"},"content":{"rendered":"\n<p>Bundesregierung: Sophie Koch soll Akzeptanz und Vielfalt st\u00e4rken<\/p>\n\n\n\n<p>Berlin, 28. Mai 2025 \u2013 Das Bundeskabinett hat heute ein wichtiges Zeichen f\u00fcr Vielfalt und Gleichberechtigung gesetzt: Die s\u00e4chsische Landtagsabgeordnete Sophie Koch wurde zur neuen Beauftragten der Bundesregierung f\u00fcr die Akzeptanz sexueller und geschlechtlicher Vielfalt ernannt. Die sogenannte Queerbeauftragte ist im Bundesministerium f\u00fcr Bildung, Familie, Senioren, Frauen und Jugend angesiedelt.<\/p>\n\n\n\n<p>Mit der Berufung von Sophie Koch \u00fcbernimmt erstmals eine ostdeutsche Politikerin dieses zentrale Amt f\u00fcr die Rechte queerer Menschen in Deutschland. Ihre Aufgabe wird es sein, die Belange von LGBTQIA+-Personen st\u00e4rker in der Bundespolitik zu verankern, Aufkl\u00e4rungsarbeit zu leisten und Programme gegen Diskriminierung voranzutreiben.<\/p>\n\n\n\n<p>Staatsministerin Petra K\u00f6pping zeigte sich erfreut \u00fcber die Entscheidung:<\/p>\n\n\n\n<p>K\u00f6pping verwies auf zunehmende Anfeindungen und \u00dcbergriffe auf queere Menschen \u2013 nicht nur in urbanen R\u00e4umen, sondern gerade in l\u00e4ndlich gepr\u00e4gten Regionen.<\/p>\n\n\n\n<p>In diesem Kontext sei es ein starkes Signal, dass nun \u201eeine starke s\u00e4chsische Stimme aus der Community\u201c in Berlin mit am Tisch sitzt, um sich f\u00fcr die Rechte und die Sichtbarkeit queerer Menschen einzusetzen.<\/p>\n\n\n\n<p>Sophie Koch bringt nicht nur politische Erfahrung aus ihrer Arbeit im s\u00e4chsischen Landtag mit, sondern ist selbst Teil der LGBTQIA+-Community. Sie gilt als engagierte Stimme f\u00fcr soziale Gerechtigkeit, Inklusion und Bildungsarbeit \u2013 Themen, die sie nun bundesweit vertreten wird.<\/p>\n\n\n\n<p>Die Bundesregierung betont, dass die Ernennung Kochs ein Bestandteil ihrer umfassenden Strategie zur F\u00f6rderung von Akzeptanz und Gleichstellung ist. In einer Zeit, in der rechte Bewegungen und queerfeindliche Einstellungen wieder vermehrt in der \u00d6ffentlichkeit auftreten, soll die neue Queerbeauftragte als Br\u00fcckenbauerin zwischen Politik, Zivilgesellschaft und Betroffenen fungieren.<\/p>\n\n\n\n<p>Mit Sophie Koch beginnt eine neue Phase queerer Gleichstellungspolitik \u2013 eine, die die Lebensrealit\u00e4ten jenseits der Metropolen st\u00e4rker in den Blick nimmt und sich entschieden gegen jede Form von Diskriminierung stellt.<br>Ihre Stimme k\u00f6nnte zum Hoffnungstr\u00e4ger f\u00fcr viele werden, die in ihrer Identit\u00e4t noch immer nicht sicher leben k\u00f6nnen.<\/p>\n\n\n\n<p>Radio QueerLive<br>Die Redaktion<\/p>\n","protected":false},"excerpt":{"rendered":"<div class=\"mh-excerpt\">Bundesregierung: Sophie Koch soll Akzeptanz und Vielfalt st\u00e4rken Berlin, 28. Mai 2025 \u2013 Das Bundeskabinett hat heute ein wichtiges Zeichen f\u00fcr Vielfalt und Gleichberechtigung gesetzt: Die s\u00e4chsische Landtagsabgeordnete Sophie Koch wurde zur neuen Beauftragten der <a class=\"mh-excerpt-more\" href=\"https:\/\/www.queerlive.de\/?p=383\" title=\"Neue Queerbeauftragte\">[&#8230;]<\/a><\/div>\n","protected":false},"author":1,"featured_media":384,"comment_status":"closed","ping_status":"open","sticky":false,"template":"","format":"standard","meta":{"_coblocks_attr":"","_coblocks_dimensions":"","_coblocks_responsive_height":"","_coblocks_accordion_ie_support":"","footnotes":""},"categories":[6],"tags":[],"class_list":["post-383","post","type-post","status-publish","format-standard","has-post-thumbnail","category-nachrichten-deutschland"],"_links":{"self":[{"href":"https:\/\/www.queerlive.de\/index.php?rest_route=\/wp\/v2\/posts\/383","targetHints":{"allow":["GET"]}}],"collection":[{"href":"https:\/\/www.queerlive.de\/index.php?rest_route=\/wp\/v2\/posts"}],"about":[{"href":"https:\/\/www.queerlive.de\/index.php?rest_route=\/wp\/v2\/types\/post"}],"author":[{"embeddable":true,"href":"https:\/\/www.queerlive.de\/index.php?rest_route=\/wp\/v2\/users\/1"}],"replies":[{"embeddable":true,"href":"https:\/\/www.queerlive.de\/index.php?rest_route=%2Fwp%2Fv2%2Fcomments&post=383"}],"version-history":[{"count":2,"href":"https:\/\/www.queerlive.de\/index.php?rest_route=\/wp\/v2\/posts\/383\/revisions"}],"predecessor-version":[{"id":386,"href":"https:\/\/www.queerlive.de\/index.php?rest_route=\/wp\/v2\/posts\/383\/revisions\/386"}],"wp:featuredmedia":[{"embeddable":true,"href":"https:\/\/www.queerlive.de\/index.php?rest_route=\/wp\/v2\/media\/384"}],"wp:attachment":[{"href":"https:\/\/www.queerlive.de\/index.php?rest_route=%2Fwp%2Fv2%2Fmedia&parent=383"}],"wp:term":[{"taxonomy":"category","embeddable":true,"href":"https:\/\/www.queerlive.de\/index.php?rest_route=%2Fwp%2Fv2%2Fcategories&post=383"},{"taxonomy":"post_tag","embeddable":true,"href":"https:\/\/www.queerlive.de\/index.php?rest_route=%2Fwp%2Fv2%2Ftags&post=383"}],"curies":[{"name":"wp","href":"https:\/\/api.w.org\/{rel}","templated":true}]}}