{"id":408,"date":"2025-06-02T08:30:27","date_gmt":"2025-06-02T06:30:27","guid":{"rendered":"http:\/\/2025.queerlive.de\/?p=408"},"modified":"2025-06-02T11:06:50","modified_gmt":"2025-06-02T09:06:50","slug":"pride-monat","status":"publish","type":"post","link":"https:\/\/www.queerlive.de\/?p=408","title":{"rendered":"Pride Monat"},"content":{"rendered":"\n<p>Vom 1. bis zum 30. Juni wird weltweit \u2013 und auch in Deutschland \u2013 der Pride-Monat begangen.<\/p>\n\n\n\n<p>In diesem Monat zeigen queere Menschen, ihre Freundinnen, Familien und Unterst\u00fctzerinnen Pr\u00e4senz: mit Paraden, politischen Demonstrationen, queeren Stadtfesten, Bildungsinitiativen und Kulturveranstaltungen.<\/p>\n\n\n\n<p>Was farbenfroh und feierlich aussieht, ist zugleich tief politisch. Denn Pride ist ein Statement \u2013 f\u00fcr die Rechte und W\u00fcrde aller Menschen, unabh\u00e4ngig von ihrer sexuellen Orientierung, Geschlechtsidentit\u00e4t oder geschlechtlichen Zugeh\u00f6rigkeit.<\/p>\n\n\n\n<p>\u2764\ufe0f Was ist der Pride-Monat und woher kommt er?<\/p>\n\n\n\n<p>Der Juni als Pride-Monat erinnert an den Stonewall-Aufstand vom Juni 1969 in der New Yorker Christopher Street. Damals wehrten sich queere Menschen \u2013 insbesondere Schwarze Transfrauen und Dragqueens \u2013 gegen Polizeigewalt und Diskriminierung. Die Ereignisse gelten als Wendepunkt der modernen LGBTQIA+-Bewegung. Seitdem steht der Juni als Monat des Protests, der Erinnerung und des Feierns f\u00fcr queere Rechte.<\/p>\n\n\n\n<p>\ud83e\udde1 Pride in Deutschland \u2013 Christopher Street Day und queere Kultur<\/p>\n\n\n\n<p>In Deutschland hat sich der Pride-Monat zu einer festen Gr\u00f6\u00dfe entwickelt. St\u00e4dte wie Berlin, K\u00f6ln, Hamburg, M\u00fcnchen, Leipzig und viele mehr organisieren jedes Jahr eigene CSDs und queere Kulturveranstaltungen.<br>Was einst als kleiner Demonstrationszug begann, ist heute ein kraftvolles Zeichen der Vielfalt \u2013 mit politischer Botschaft.<\/p>\n\n\n\n<p>Der CSD ist weit mehr als eine bunte Parade.<br>Er ist eine Demonstration.<br>Eine politische Kundgebung.<br>Ein lautes, selbstbewusstes &#8222;Wir sind hier&#8220;.<\/p>\n\n\n\n<p>In gro\u00dfen und kleinen St\u00e4dten versammeln sich jedes Jahr hunderttausende Menschen, um f\u00fcr die Rechte von LGBTQIA+-Personen einzustehen, gegen Diskriminierung zu protestieren und f\u00fcr ein gleichberechtigtes Miteinander zu werben.<br>Dabei erinnern die CSDs auch daran, dass queere Menschen weltweit noch immer unter Gewalt, Ausgrenzung und rechtlicher Benachteiligung leiden \u2013 selbst in L\u00e4ndern, die sich als fortschrittlich verstehen. Sichtbarkeit bleibt daher essenziell: Wer gesehen wird, kann nicht einfach \u00fcbergangen werden.<\/p>\n\n\n\n<p>\ud83d\udc9b Queere Stadtfeste \u2013 mehr als Unterhaltung<\/p>\n\n\n\n<p>Queere Stadtfeste sind kulturelle Ankerpunkte im Pride-Monat. Sie schaffen gesch\u00fctzte R\u00e4ume, in denen queere Menschen ihre Identit\u00e4t frei und sicher ausleben k\u00f6nnen. Gleichzeitig laden sie die Mehrheitsgesellschaft zum Mitfeiern und Mitdenken ein.<\/p>\n\n\n\n<p>Ob<\/p>\n\n\n\n<ul class=\"wp-block-list\">\n<li>Info-St\u00e4nde von queeren Initiativen<\/li>\n\n\n\n<li>B\u00fchnenprogramme mit Drag-Performances<\/li>\n\n\n\n<li>Politische Reden<br>\u2013 queere Stadtfeste verbinden Entertainment mit Empowerment.<\/li>\n<\/ul>\n\n\n\n<p>Sie sind Orte der Begegnung, des Austauschs und der Solidarit\u00e4t \u2013 und machen die Vielfalt queeren Lebens sichtbar. Nicht nur f\u00fcr die Community selbst, sondern auch f\u00fcr Freundinnen, Familien, Unterst\u00fctzerinnen und interessierte B\u00fcrger*innen.<\/p>\n\n\n\n<p>\ud83d\udc9a Sichtbarkeit ist Schutz<\/p>\n\n\n\n<p>Trotz juristischer Fortschritte \u2013 wie der Ehe f\u00fcr alle oder dem geplanten Selbstbestimmungsgesetz \u2013 erleben viele queere Menschen im Alltag immer noch Diskriminierung, Misstrauen oder offene Feindseligkeit. Gerade Transpersonen, nicht-bin\u00e4re Menschen und queere BIPoC sind besonders betroffen.<\/p>\n\n\n\n<p>Pride bedeutet daher nicht nur Party, sondern vor allem: Haltung zeigen. Sichtbarkeit ist ein Schutzschild. Sie bricht mit Vorurteilen, st\u00e4rkt Selbstbewusstsein und erm\u00f6glicht gesellschaftliche Teilhabe.<br>Der Pride-Monat bietet der Community eine B\u00fchne \u2013 aber er ruft auch alle Menschen auf, ihre Stimme f\u00fcr Gleichstellung, Respekt und ein diverses Miteinander zu erheben.<\/p>\n\n\n\n<p>\ud83d\udc99 Queere Rechte sind Menschenrechte \u2013 auch international<\/p>\n\n\n\n<p>W\u00e4hrend der Pride-Monat in vielen westlichen L\u00e4ndern gefeiert wird, sieht die Realit\u00e4t f\u00fcr queere Menschen in anderen Teilen der Welt oft dramatisch anders aus.<\/p>\n\n\n\n<p>In \u00fcber 60 L\u00e4ndern ist Homosexualit\u00e4t (teilweise) kriminalisiert. In einigen \u2013 wie Iran, Uganda, Saudi-Arabien oder Mauretanien \u2013 droht die Todesstrafe. In L\u00e4ndern wie Russland gelten \u201ePropaganda-Gesetze\u201c, die queere Aufkl\u00e4rung oder Sichtbarkeit verbieten. In Polen oder Ungarn wurde in den letzten Jahren gezielt gegen queere Rechte mobilisiert \u2013 etwa durch die Einf\u00fchrung von \u201eLGBT-freien Zonen\u201c oder Bildungsverbote. Auch in den USA, einst als Schutzraum f\u00fcr die Community gesehen, erleben wir derzeit massive R\u00fcckschritte: Besonders Transpersonen werden durch Gesetzesinitiativen in einzelnen Bundesstaaten gezielt marginalisiert \u2013 z.B. durch das Verbot von geschlechtsangleichenden Behandlungen oder durch Einschr\u00e4nkungen der Teilnahme am Schulsport.<\/p>\n\n\n\n<p>\ud83d\udc9c Warum Pride nach wie vor notwendig ist<\/p>\n\n\n\n<p>Trotz aller Errungenschaften bleibt auch hierzulande viel zu tun.<\/p>\n\n\n\n<ul class=\"wp-block-list\">\n<li>Queere Jugendliche sind \u00fcberdurchschnittlich h\u00e4ufig von psychischen Erkrankungen betroffen.<\/li>\n\n\n\n<li>Gewalt gegen queere Menschen nimmt zu \u2013 laut Bundesinnenministerium gab es 2023 mehr als 1.600 registrierte queerfeindliche Straftaten, die Dunkelziffer d\u00fcrfte deutlich h\u00f6her liegen.<\/li>\n\n\n\n<li>In l\u00e4ndlichen Regionen fehlen h\u00e4ufig queere Anlaufstellen oder Schutzr\u00e4ume.<\/li>\n\n\n\n<li>Inter* und nicht-bin\u00e4re Menschen finden in vielen Beh\u00f6rden, Formularen oder medizinischen Kontexten noch keine ad\u00e4quate Anerkennung.<\/li>\n<\/ul>\n\n\n\n<p>Der Pride-Monat erinnert daher auch daran: Die Gleichstellung ist kein Endpunkt, sondern ein kontinuierlicher Kampf.<\/p>\n\n\n\n<p>\ud83c\udf08 Ergebnis<\/p>\n\n\n\n<p>Der Pride-Monat in Deutschland ist nicht nur ein Fest \u2013 er ist eine Mahnung, ein Aufruf und ein Ausdruck von Hoffnung.<br>Er erinnert daran, dass queere Rechte Menschenrechte sind. Jede Parade, jedes Fest und jede Flagge ist Teil einer Bewegung, die zeigt: Liebe ist kein Verbrechen. Vielfalt ist kein Problem.<br>Und Stolz ist politisch.<\/p>\n\n\n\n<p>\u2764\ufe0f\ud83e\udde1\ud83d\udc9b\ud83d\udc9a\ud83d\udc99\ud83d\udc9c<br>Termine im PRIDE Monat<\/p>\n\n\n\n<p>Unser CSD Reporter Olaf Wunderbar hat euch f\u00fcr diesen Artikel s\u00e4mtliche Termine f\u00fcr den Juni zusammengestellt.<br>In dem Bild hat er alle ihm bekannten Informationen aufgef\u00fchrt die ihm bekannt sind.<\/p>\n\n\n\n<p>Wenn eure Stadt nicht genannt wurde, wenn bei eurer Stadt Informationen fehlen, kontaktiert bitte unseren Mr. CSD Olaf Wunderbar<\/p>\n\n\n\n<p>Happy PRIDE sagt das Team von Radio QueerLive.<\/p>\n\n\n\n<div>\n<p><\/p>\n<\/div>\n\n\n\n<img loading=\"lazy\" decoding=\"async\" width=\"491\" height=\"1237\" class=\"gb-media-05805dbf\" alt=\"\" src=\"http:\/\/2025.queerlive.de\/wp-content\/uploads\/2025\/06\/1000022619.avif\" title=\"1000022619\" srcset=\"https:\/\/www.queerlive.de\/wp-content\/uploads\/2025\/06\/1000022619.avif 491w, https:\/\/www.queerlive.de\/wp-content\/uploads\/2025\/06\/1000022619-119x300.avif 119w, https:\/\/www.queerlive.de\/wp-content\/uploads\/2025\/06\/1000022619-406x1024.avif 406w\" sizes=\"auto, (max-width: 491px) 100vw, 491px\" \/>\n\n\n\n<p><\/p>\n","protected":false},"excerpt":{"rendered":"<div class=\"mh-excerpt\">Vom 1. bis zum 30. Juni wird weltweit \u2013 und auch in Deutschland \u2013 der Pride-Monat begangen. In diesem Monat zeigen queere Menschen, ihre Freundinnen, Familien und Unterst\u00fctzerinnen Pr\u00e4senz: mit Paraden, politischen Demonstrationen, queeren Stadtfesten, <a class=\"mh-excerpt-more\" href=\"https:\/\/www.queerlive.de\/?p=408\" title=\"Pride Monat\">[&#8230;]<\/a><\/div>\n","protected":false},"author":1,"featured_media":409,"comment_status":"closed","ping_status":"open","sticky":false,"template":"","format":"standard","meta":{"_coblocks_attr":"","_coblocks_dimensions":"","_coblocks_responsive_height":"","_coblocks_accordion_ie_support":"","footnotes":""},"categories":[15],"tags":[],"class_list":["post-408","post","type-post","status-publish","format-standard","has-post-thumbnail","category-csd-termine"],"_links":{"self":[{"href":"https:\/\/www.queerlive.de\/index.php?rest_route=\/wp\/v2\/posts\/408","targetHints":{"allow":["GET"]}}],"collection":[{"href":"https:\/\/www.queerlive.de\/index.php?rest_route=\/wp\/v2\/posts"}],"about":[{"href":"https:\/\/www.queerlive.de\/index.php?rest_route=\/wp\/v2\/types\/post"}],"author":[{"embeddable":true,"href":"https:\/\/www.queerlive.de\/index.php?rest_route=\/wp\/v2\/users\/1"}],"replies":[{"embeddable":true,"href":"https:\/\/www.queerlive.de\/index.php?rest_route=%2Fwp%2Fv2%2Fcomments&post=408"}],"version-history":[{"count":5,"href":"https:\/\/www.queerlive.de\/index.php?rest_route=\/wp\/v2\/posts\/408\/revisions"}],"predecessor-version":[{"id":420,"href":"https:\/\/www.queerlive.de\/index.php?rest_route=\/wp\/v2\/posts\/408\/revisions\/420"}],"wp:featuredmedia":[{"embeddable":true,"href":"https:\/\/www.queerlive.de\/index.php?rest_route=\/wp\/v2\/media\/409"}],"wp:attachment":[{"href":"https:\/\/www.queerlive.de\/index.php?rest_route=%2Fwp%2Fv2%2Fmedia&parent=408"}],"wp:term":[{"taxonomy":"category","embeddable":true,"href":"https:\/\/www.queerlive.de\/index.php?rest_route=%2Fwp%2Fv2%2Fcategories&post=408"},{"taxonomy":"post_tag","embeddable":true,"href":"https:\/\/www.queerlive.de\/index.php?rest_route=%2Fwp%2Fv2%2Ftags&post=408"}],"curies":[{"name":"wp","href":"https:\/\/api.w.org\/{rel}","templated":true}]}}