{"id":4243,"date":"2026-08-29T13:06:00","date_gmt":"2026-08-29T11:06:00","guid":{"rendered":"https:\/\/www.queerlive.de\/?p=4243"},"modified":"2026-08-30T13:07:58","modified_gmt":"2026-08-30T11:07:58","slug":"%f0%9f%8f%b3%ef%b8%8f%f0%9f%8c%88%f0%9f%8f%b3%ef%b8%8f%f0%9f%8c%88%f0%9f%8f%b3%ef%b8%8f%f0%9f%8c%88-csd-rathenow-gerade-jetzt-heisst-es-hingehen-und-sichtbar-sein","status":"publish","type":"post","link":"https:\/\/www.queerlive.de\/?p=4243","title":{"rendered":"\ud83c\udff3\ufe0f\u200d\ud83c\udf08\ud83c\udff3\ufe0f\u200d\ud83c\udf08\ud83c\udff3\ufe0f\u200d\ud83c\udf08 CSD Rathenow: Gerade jetzt hei\u00dft es \u2013 hingehen und sichtbar sein! \ud83c\udff3\ufe0f\u200d\ud83c\udf08\ud83c\udff3\ufe0f\u200d\ud83c\udf08\ud83c\udff3\ufe0f\u200d\ud83c\udf08"},"content":{"rendered":"\n<p>Am Samstag, den 12. September, wird Rathenow wieder bunt. Zum dritten Mal findet in der brandenburgischen Stadt der Christopher Street Day statt. Der Termin wird unter anderem vom Landesverband AndersARTiG sowie in aktuellen CSD-Kalendern best\u00e4tigt.<\/p>\n\n\n\n<p>Und vielleicht ist dieser CSD in diesem Jahr wichtiger als je zuvor.<\/p>\n\n\n\n<p>Denn gerade kleinere CSDs im l\u00e4ndlichen Raum brauchen Menschen, die nicht nur in den sozialen Netzwerken ihre Unterst\u00fctzung zeigen, sondern tats\u00e4chlich vor Ort sind. Wer am 12. September nach Rathenow f\u00e4hrt, sorgt mit seiner Anwesenheit daf\u00fcr, dass queeres Leben auch au\u00dferhalb von Berlin, Hamburg, K\u00f6ln oder M\u00fcnchen sichtbar bleibt.<\/p>\n\n\n\n<p>In einer Gro\u00dfstadt f\u00e4llt eine Regenbogenfahne kaum noch auf. In einer kleineren Stadt kann dieselbe Fahne eine ganz andere Wirkung haben. Sie kann einem jungen queeren Menschen zeigen: Du bist hier nicht allein. Es gibt andere Menschen wie dich, und es gibt Menschen, die hinter dir stehen.<\/p>\n\n\n\n<p>Genau deshalb lohnt sich der Weg nach Rathenow.<\/p>\n\n\n\n<p>Der CSD steht in diesem Jahr zudem unter besonderen Vorzeichen. Zuletzt sorgten die finanziellen Schwierigkeiten der Veranstaltung f\u00fcr Aufmerksamkeit. Nachdem eine erhoffte F\u00f6rderung nicht zustande kam, musste das Organisationsteam um Unterst\u00fctzung und Spenden bitten. Ben\u00f6tigt wird das Geld unter anderem f\u00fcr Sicherheit, Musik, GEMA-Geb\u00fchren, Technik und \u00d6ffentlichkeitsarbeit.<\/p>\n\n\n\n<p>Dass der CSD trotzdem stattfinden soll, zeigt, wie viel ehrenamtliches Engagement hinter einer solchen Veranstaltung steckt. Aber ein Organisationsteam kann die Sichtbarkeit nur vorbereiten \u2013 f\u00fcllen m\u00fcssen die Stra\u00dfen am Ende andere.<\/p>\n\n\n\n<p>Deshalb unser Aufruf: Macht am 12. September einen Ausflug nach Rathenow. Nehmt eure Regenbogenfahnen mit, bringt Freunde mit und unterst\u00fctzt einen CSD, bei dem jede einzelne Person auf der Stra\u00dfe einen Unterschied machen kann.<\/p>\n\n\n\n<p>Das Interview<\/p>\n\n\n\n<p>Und wer vorher noch mehr \u00fcber den CSD Rathenow erfahren m\u00f6chte, sollte an diesem Sonntag Radio QueerLive einschalten.<\/p>\n\n\n\n<p>Wir bekommen Besuch aus dem Organisationsteam des CSD Rathenow. Im Interview wollen wir dar\u00fcber sprechen, was euch am 12. September erwartet, warum ein CSD gerade in Rathenow wichtig ist und nat\u00fcrlich auch dar\u00fcber, wie es nach den Problemen mit der Finanzierung weitergeht.<\/p>\n\n\n\n<p>Wir wollen aber auch wissen, wie viel Arbeit eigentlich hinter einem vergleichsweise kleinen CSD steckt, welche Sorgen die Organisatoren besch\u00e4ftigen und was sie sich von den Menschen aus Rathenow, dem Havelland, Berlin und Brandenburg w\u00fcnschen.<\/p>\n\n\n\n<p>Also: Diesen Sonntag Radio QueerLive einschalten \u2013 und den 12. September schon einmal im Kalender markieren.<\/p>\n\n\n\n<p>Denn Solidarit\u00e4t mit einem kleinen CSD l\u00e4sst sich ziemlich einfach zeigen:<\/p>\n\n\n\n<p>Hingehen. Mitmachen. Sichtbar sein.<\/p>\n\n\n\n<p>In unserer Livesendung am Sonntag stellen wir euch den CSD Rathenow sowie den CSD Oberhavel (Henningsdorf) vor. Zu beiden CSDs haben wir euch hier bereits Beitr\u00e4ge in dieser Woche ver\u00f6ffentlicht.<\/p>\n\n\n\n<p>\ud83c\udff3\ufe0f\u200d\ud83c\udf08\ud83c\udff3\ufe0f\u200d\ud83c\udf08\ud83c\udff3\ufe0f\u200d\ud83c\udf08\ud83c\udff3\ufe0f\u200d\ud83c\udf08\ud83c\udff3\ufe0f\u200d\ud83c\udf08<\/p>\n\n\n\n<p>Radio QueerLive<br>Livesendung<\/p>\n\n\n\n<p>Statt 15:00 Uhr<br>Sonntag, 30.08.2026<\/p>\n\n\n\n<p>DAB 12D<br>Berliner Kabel 92 6<\/p>\n\n\n\n<p>Stream www.queerlive.de<\/p>\n","protected":false},"excerpt":{"rendered":"<div class=\"mh-excerpt\">Am Samstag, den 12. September, wird Rathenow wieder bunt. Zum dritten Mal findet in der brandenburgischen Stadt der Christopher Street Day statt. Der Termin wird unter anderem vom Landesverband AndersARTiG sowie in aktuellen CSD-Kalendern best\u00e4tigt. <a class=\"mh-excerpt-more\" href=\"https:\/\/www.queerlive.de\/?p=4243\" title=\"\ud83c\udff3\ufe0f\u200d\ud83c\udf08\ud83c\udff3\ufe0f\u200d\ud83c\udf08\ud83c\udff3\ufe0f\u200d\ud83c\udf08 CSD Rathenow: Gerade jetzt hei\u00dft es \u2013 hingehen und sichtbar sein! \ud83c\udff3\ufe0f\u200d\ud83c\udf08\ud83c\udff3\ufe0f\u200d\ud83c\udf08\ud83c\udff3\ufe0f\u200d\ud83c\udf08\">[&#8230;]<\/a><\/div>\n","protected":false},"author":1,"featured_media":4244,"comment_status":"closed","ping_status":"open","sticky":false,"template":"","format":"standard","meta":{"_coblocks_attr":"","_coblocks_dimensions":"","_coblocks_responsive_height":"","_coblocks_accordion_ie_support":"","footnotes":""},"categories":[15,35],"tags":[],"class_list":["post-4243","post","type-post","status-publish","format-standard","has-post-thumbnail","category-csd-termine","category-programmvorschau"],"_links":{"self":[{"href":"https:\/\/www.queerlive.de\/index.php?rest_route=\/wp\/v2\/posts\/4243","targetHints":{"allow":["GET"]}}],"collection":[{"href":"https:\/\/www.queerlive.de\/index.php?rest_route=\/wp\/v2\/posts"}],"about":[{"href":"https:\/\/www.queerlive.de\/index.php?rest_route=\/wp\/v2\/types\/post"}],"author":[{"embeddable":true,"href":"https:\/\/www.queerlive.de\/index.php?rest_route=\/wp\/v2\/users\/1"}],"replies":[{"embeddable":true,"href":"https:\/\/www.queerlive.de\/index.php?rest_route=%2Fwp%2Fv2%2Fcomments&post=4243"}],"version-history":[{"count":1,"href":"https:\/\/www.queerlive.de\/index.php?rest_route=\/wp\/v2\/posts\/4243\/revisions"}],"predecessor-version":[{"id":4245,"href":"https:\/\/www.queerlive.de\/index.php?rest_route=\/wp\/v2\/posts\/4243\/revisions\/4245"}],"wp:featuredmedia":[{"embeddable":true,"href":"https:\/\/www.queerlive.de\/index.php?rest_route=\/wp\/v2\/media\/4244"}],"wp:attachment":[{"href":"https:\/\/www.queerlive.de\/index.php?rest_route=%2Fwp%2Fv2%2Fmedia&parent=4243"}],"wp:term":[{"taxonomy":"category","embeddable":true,"href":"https:\/\/www.queerlive.de\/index.php?rest_route=%2Fwp%2Fv2%2Fcategories&post=4243"},{"taxonomy":"post_tag","embeddable":true,"href":"https:\/\/www.queerlive.de\/index.php?rest_route=%2Fwp%2Fv2%2Ftags&post=4243"}],"curies":[{"name":"wp","href":"https:\/\/api.w.org\/{rel}","templated":true}]}}