{"id":4275,"date":"2026-09-03T13:00:59","date_gmt":"2026-09-03T11:00:59","guid":{"rendered":"https:\/\/www.queerlive.de\/?p=4275"},"modified":"2026-09-03T13:01:41","modified_gmt":"2026-09-03T11:01:41","slug":"4275","status":"publish","type":"post","link":"https:\/\/www.queerlive.de\/?p=4275","title":{"rendered":"+++ 130 Jahre Theater des Westens +++"},"content":{"rendered":"\n<p>Die Bretter, die Berlin bedeuten<\/p>\n\n\n\n<p>Es gibt Geb\u00e4ude in Berlin, die mehr sind als Stein, Stuck und sch\u00f6ne Fassaden. Sie haben Generationen kommen und gehen sehen, gesellschaftliche Ver\u00e4nderungen erlebt und ein St\u00fcck Stadtgeschichte mitgeschrieben. Das Theater des Westens geh\u00f6rt zweifellos dazu. 2026 feiert das traditionsreiche Haus seinen 130. Geburtstag \u2013 unter dem passenden Motto \u201eDie Bretter, die Berlin bedeuten\u201c.<\/p>\n\n\n\n<p>Seit 1896 wird hier Theatergeschichte geschrieben. Marlene Dietrich, Josephine Baker, Zarah Leander, Hildegard Knef, Paul Hubschmid und Helen Schneider standen auf dieser B\u00fchne. Horst Buchholz war Conf\u00e9rencier in \u201eCabaret\u201c, und Pers\u00f6nlichkeiten wie Helmut Baumann pr\u00e4gten das Haus \u00fcber Jahrzehnte.<\/p>\n\n\n\n<p>Auch die Liste der Musicals, die hier gespielt wurden, liest sich wie ein Streifzug durch die Geschichte des Genres: \u201eMy Fair Lady\u201c, \u201eCabaret\u201c, \u201eChicago\u201c, \u201eLa Cage aux Folles\u201c, \u201eFosse\u201c, \u201eLes Mis\u00e9rables\u201c, \u201eTanz der Vampire\u201c oder \u201eDer Schuh des Manitu\u201c sind nur einige der Produktionen, die das Theater des Westens gepr\u00e4gt haben.<\/p>\n\n\n\n<p>Doch ein 130. Geburtstag w\u00e4re wenig wert, wenn man sich nur an die Vergangenheit erinnern w\u00fcrde. Und genau deshalb ist die j\u00fcngste Entwicklung des Hauses so bemerkenswert.<\/p>\n\n\n\n<p>Unter der Intendanz von Peter Plate und Ulf Leo Sommer ist das Theater des Westens wieder zu einem Ort geworden, an dem neue deutschsprachige Musicals entstehen. Mit \u201eKU\u2019DAMM 56\u201c und \u201eKU\u2019DAMM 59\u201c, \u201eROMEO &amp; JULIA \u2013 LIEBE IST ALLES\u201c, \u201eDIE AMME\u201c und \u201eWIR SIND AM LEBEN\u201c wurden Geschichten auf die B\u00fchne gebracht, die gro\u00dfe Unterhaltung mit gesellschaftlichen Themen, Liebe, Freiheit und der Suche nach dem eigenen Platz im Leben verbinden.<\/p>\n\n\n\n<p>Mehr als 1,5 Millionen Menschen haben seit 2021 die Musicals im Theater des Westens besucht. Die Produktionen wurden bislang mit 30 Musical-Preisen und Awards ausgezeichnet.<\/p>\n\n\n\n<p>Eine besondere Bedeutung hat das Haus inzwischen auch f\u00fcr die queere Community. Vielfalt findet hier nicht nur auf der B\u00fchne statt. Das Theater versteht sich als ein Ort, an dem unterschiedliche Generationen und Lebensentw\u00fcrfe zusammenkommen und Menschen gemeinsam feiern k\u00f6nnen, ohne sich verstecken zu m\u00fcssen.<\/p>\n\n\n\n<p>Dazu geh\u00f6rt auch gesellschaftliches Engagement. Veranstaltungen wie \u201e#gemeinsambunt\u201c und die AIDS-Gala haben ihren Platz im Theater des Westens. Gleichzeitig besteht eine enge Verbindung zur Berliner Aids-Hilfe, f\u00fcr deren Arbeit nach Vorstellungen regelm\u00e4\u00dfig gesammelt wird.<\/p>\n\n\n\n<p>Und nach 130 Jahren ist noch lange nicht Schluss.<\/p>\n\n\n\n<p>Mit \u201eSALON ROSIE\u201c, dem neuen Musical von Peter Plate und Ulf Leo Sommer, steht bereits die n\u00e4chste Geschichte bevor. Als Vorgeschichte zu \u201eWIR SIND AM LEBEN\u201c f\u00fchrt die Produktion in die Welt des Salon Rosie und erz\u00e4hlt von Freundschaft, Sehnsucht, Tr\u00e4umen und der Suche nach dem eigenen Gl\u00fcck.<\/p>\n\n\n\n<p>Vielleicht liegt genau darin das Geheimnis dieses Hauses: Das Theater des Westens lebt nicht allein von seiner Vergangenheit. Es schafft es immer wieder, sich neu zu erfinden, ohne seine Geschichte zu vergessen.<\/p>\n\n\n\n<p>130 Jahre Theater des Westens bedeuten deshalb auch 130 Jahre Berliner Kulturgeschichte \u2013 mit Glamour und gro\u00dfen Stimmen, mit gesellschaftlichen Ver\u00e4nderungen, Krisen, Aufbruch und immer wieder neuen Generationen von Menschen im Zuschauerraum.<\/p>\n\n\n\n<p>Oder, wie Peter Plate und Ulf Leo Sommer es selbst formulieren: Sie wollen die Geschichte dieses Hauses nicht verwalten, sondern weitererz\u00e4hlen.<\/p>\n\n\n\n<p>Und daf\u00fcr k\u00f6nnte es kaum einen besseren Ort geben.<\/p>\n\n\n\n<p>130 Jahre Theater des Westens. 130 Jahre Berlin auf der B\u00fchne.<\/p>\n\n\n\n<p>Ein Haus voller Geschichte \u2013 und hoffentlich noch lange nicht auserz\u00e4hlt.<\/p>\n\n\n\n<p>Radio QueerLive<br>News Redaktion<\/p>\n","protected":false},"excerpt":{"rendered":"<div class=\"mh-excerpt\">Die Bretter, die Berlin bedeuten Es gibt Geb\u00e4ude in Berlin, die mehr sind als Stein, Stuck und sch\u00f6ne Fassaden. Sie haben Generationen kommen und gehen sehen, gesellschaftliche Ver\u00e4nderungen erlebt und ein St\u00fcck Stadtgeschichte mitgeschrieben. Das <a class=\"mh-excerpt-more\" href=\"https:\/\/www.queerlive.de\/?p=4275\" title=\"+++ 130 Jahre Theater des Westens +++\">[&#8230;]<\/a><\/div>\n","protected":false},"author":1,"featured_media":4276,"comment_status":"closed","ping_status":"open","sticky":false,"template":"","format":"standard","meta":{"_coblocks_attr":"","_coblocks_dimensions":"","_coblocks_responsive_height":"","_coblocks_accordion_ie_support":"","footnotes":""},"categories":[16],"tags":[],"class_list":["post-4275","post","type-post","status-publish","format-standard","has-post-thumbnail","category-buehne"],"_links":{"self":[{"href":"https:\/\/www.queerlive.de\/index.php?rest_route=\/wp\/v2\/posts\/4275","targetHints":{"allow":["GET"]}}],"collection":[{"href":"https:\/\/www.queerlive.de\/index.php?rest_route=\/wp\/v2\/posts"}],"about":[{"href":"https:\/\/www.queerlive.de\/index.php?rest_route=\/wp\/v2\/types\/post"}],"author":[{"embeddable":true,"href":"https:\/\/www.queerlive.de\/index.php?rest_route=\/wp\/v2\/users\/1"}],"replies":[{"embeddable":true,"href":"https:\/\/www.queerlive.de\/index.php?rest_route=%2Fwp%2Fv2%2Fcomments&post=4275"}],"version-history":[{"count":2,"href":"https:\/\/www.queerlive.de\/index.php?rest_route=\/wp\/v2\/posts\/4275\/revisions"}],"predecessor-version":[{"id":4278,"href":"https:\/\/www.queerlive.de\/index.php?rest_route=\/wp\/v2\/posts\/4275\/revisions\/4278"}],"wp:featuredmedia":[{"embeddable":true,"href":"https:\/\/www.queerlive.de\/index.php?rest_route=\/wp\/v2\/media\/4276"}],"wp:attachment":[{"href":"https:\/\/www.queerlive.de\/index.php?rest_route=%2Fwp%2Fv2%2Fmedia&parent=4275"}],"wp:term":[{"taxonomy":"category","embeddable":true,"href":"https:\/\/www.queerlive.de\/index.php?rest_route=%2Fwp%2Fv2%2Fcategories&post=4275"},{"taxonomy":"post_tag","embeddable":true,"href":"https:\/\/www.queerlive.de\/index.php?rest_route=%2Fwp%2Fv2%2Ftags&post=4275"}],"curies":[{"name":"wp","href":"https:\/\/api.w.org\/{rel}","templated":true}]}}