{"id":858,"date":"2025-06-04T12:00:00","date_gmt":"2025-06-04T10:00:00","guid":{"rendered":"http:\/\/2025.queerlive.de\/?p=858"},"modified":"2025-06-04T10:16:15","modified_gmt":"2025-06-04T08:16:15","slug":"eine-community-zersplittert","status":"publish","type":"post","link":"https:\/\/www.queerlive.de\/?p=858","title":{"rendered":"Eine Community zersplittert?"},"content":{"rendered":"\n<p>\u00dcber Solidarit\u00e4t, Sichtbarkeit und das Auseinanderdriften unter dem Regenbogen\u201c<\/p>\n\n\n\n<p>Die queere Community gilt als Symbol f\u00fcr Vielfalt, Zusammenhalt und gemeinsamen Widerstand. \u00dcber Jahrzehnte hinweg wurde Sichtbarkeit erk\u00e4mpft, Anerkennung erstritten, Schutz gefordert.<br>Man stand zusammen \u2013 gegen Diskriminierung, gegen Pathologisierung, gegen gesellschaftliche Ausgrenzung.<\/p>\n\n\n\n<p>Doch schaut man heute genauer hin, zeigt sich ein anderes Bild.<br>Eines, das sich nicht leicht in den Glanz von Regenbogenfarben kleiden l\u00e4sst.<br>Denn neben dem berechtigten Ruf nach Gleichberechtigung gibt es auch ein wachsendes Ph\u00e4nomen der inneren Spaltung.<br>Und das verdient Aufmerksamkeit.<\/p>\n\n\n\n<p>Interferenz statt Zusammenhalt?<\/p>\n\n\n\n<p>Innerhalb der queeren Szene ist l\u00e4ngst nicht alles solidarisch, was unter dem gemeinsamen Akronym LGBTQIA+ steht.<\/p>\n\n\n\n<ul class=\"wp-block-list\">\n<li>Transfeindlichkeit unter Schwulen.<\/li>\n\n\n\n<li>Biphobie unter Lesben.<\/li>\n\n\n\n<li>Rassismus in wei\u00dfen queeren R\u00e4umen.<\/li>\n\n\n\n<li>Ableismus gegen\u00fcber neurodiversen queeren Menschen.<\/li>\n\n\n\n<li>Asexuelle, die nicht \u201equeer genug\u201c seien.<\/li>\n\n\n\n<li>Nonbin\u00e4re, die in Bin\u00e4r-Kategorien zur\u00fcckgedr\u00e4ngt werden.<\/li>\n<\/ul>\n\n\n\n<p>Es entsteht ein Paradoxon:<br>Eine Bewegung, die auf Vielfalt fu\u00dft, verliert genau durch diese Vielfalt mitunter ihre innere Verbindung.<br>Denn wer nur seine eigene Identit\u00e4t sieht,<br>aber nicht den Schmerz und die Realit\u00e4t anderer Gruppen anerkennt,<br>baut keine Community \u2013 sondern Mauern.<\/p>\n\n\n\n<p>Viele queere Menschen haben in der Gesamtgesellschaft nie wirklich einen Platz gehabt.<br>Und in der eigenen Community\u2026 oft auch nicht.<br>Das ist eine doppelte Entt\u00e4uschung. Und sie tut weh.<\/p>\n\n\n\n<p>Die Fahne, die alles sagte \u2013 und jetzt zersplittert?<\/p>\n\n\n\n<p>Ein Blick zur\u00fcck:<br>Als Gilbert Baker 1978 die Regenbogenflagge entwarf, dachte er nicht an Identit\u00e4tsgruppen, sondern an universelle menschliche Kr\u00e4fte.<\/p>\n\n\n\n<p>Die Bedeutung der Farben:<\/p>\n\n\n\n<ul class=\"wp-block-list\">\n<li>Rot f\u00fcr das Leben.<\/li>\n\n\n\n<li>Orange f\u00fcr Heilung.<\/li>\n\n\n\n<li>Gelb f\u00fcr das Licht.<\/li>\n\n\n\n<li>Gr\u00fcn f\u00fcr die Natur.<\/li>\n\n\n\n<li>Blau f\u00fcr Harmonie.<\/li>\n\n\n\n<li>Violett f\u00fcr den Geist.<\/li>\n<\/ul>\n\n\n\n<p>Diese sechs Farben waren keine Schubladen.<br>Sie waren ein Versprechen:<br>Du bist Teil dieses Ganzen. Ohne Bedingung.<\/p>\n\n\n\n<p>Doch mit den Jahrzehnten entstanden neue Flaggen \u2013 f\u00fcr Trans, Bi, Inter*, Ace, Pan, Nonbinary, Genderqueer, Agender, Polyamorie, Two-Spirit, und viele mehr.<br>Heute gibt es \u00fcber 170 Pride-Flaggen. Jede von ihnen steht f\u00fcr Sichtbarkeit, f\u00fcr Kampf, f\u00fcr Identit\u00e4t.<\/p>\n\n\n\n<p>Und doch stellt sich eine unbequeme Frage:<br>Wenn jede Gruppe ihre eigene Flagge hat \u2013<br>gibt es dann \u00fcberhaupt noch eine gemeinsame?<\/p>\n\n\n\n<p>Ist die queere Community heute eine gro\u00dfe Bewegung \u2013<br>oder eine Kommode voller Schubladen?<\/p>\n\n\n\n<p>Nat\u00fcrlich: Jede dieser Flaggen hat ihre Berechtigung.<br>Sie macht uns aufmerksam auf Realit\u00e4ten, die lange \u00fcbersehen wurden.<br>Sie gibt Namen und Farbe dem, was oft im Schatten blieb.<br>Sichtbarkeit ist kein Luxus, sondern ein \u00dcberlebensprinzip.<\/p>\n\n\n\n<p>Aber:<br>Wenn Sichtbarkeit zur Abgrenzung wird, zur Ausschlusspraxis, zur Identit\u00e4tspolizei, dann verlieren wir etwas Wesentliches.<br>N\u00e4mlich das, was \u201eCommunity\u201c eigentlich meint:<br>Zusammengeh\u00f6rigkeit \u2013 trotz Unterschied.<\/p>\n\n\n\n<p>Es geht nicht darum, weniger bunt zu sein.<br>Es geht darum, zu fragen:<br>Was h\u00e4lt uns noch zusammen?<\/p>\n\n\n\n<p>Toleranz ist nicht genug \u2013 auch nicht intern.<\/p>\n\n\n\n<p>Wir fordern zu Recht Toleranz und Akzeptanz von der Mehrheitsgesellschaft.<br>Aber wie tolerant sind wir intern \u2013 f\u00fcreinander?<\/p>\n\n\n\n<p>Wie oft verwenden wir dieselben Mechanismen, die wir drau\u00dfen kritisieren?<br>Wie oft kategorisieren, hierarchisieren, entwerten wir \u2013 nach Coolness, nach K\u00f6rper, nach Ausdruck, nach Zugeh\u00f6rigkeit?<\/p>\n\n\n\n<p>Wenn eine Bewegung sich mehr mit dem Ausschluss der &#8222;Falschen&#8220; besch\u00e4ftigt als mit dem Schutz der Verletzlichsten,<br>dann steht sie still \u2013 oder geht r\u00fcckw\u00e4rts.<\/p>\n\n\n\n<p>Gerade jetzt \u2013 in Zeiten, in denen Rechte erstarken, in denen queere Menschen wieder zur Zielscheibe werden, in denen in Social Media Hass algorithmisch belohnt wird \u2013<br>brauchen wir mehr denn je ein echtes, gelebtes \u201eWir\u201c.<\/p>\n\n\n\n<p>Was tun?<br>Ein Pl\u00e4doyer f\u00fcr eine neue Regenbogenpraxis<\/p>\n\n\n\n<p>Wir m\u00fcssen zuh\u00f6ren, nicht nur reden.<\/p>\n\n\n\n<p>Wir m\u00fcssen miteinander streiten, aber mit Respekt.<\/p>\n\n\n\n<p>Wir m\u00fcssen Sichtbarkeit erm\u00f6glichen, ohne sie gegeneinander auszuspielen.<\/p>\n\n\n\n<p>Wir m\u00fcssen gemeinsame R\u00e4ume schaffen, nicht nur parallele.<\/p>\n\n\n\n<p>Wir m\u00fcssen die urspr\u00fcngliche Regenbogenidee wiederentdecken:<br>Nicht als Zeichen einer Uniformit\u00e4t, sondern als Symbol gelebter Vielfalt, getragen von einem gemeinsamen Geist: Zusammenhalt.<\/p>\n\n\n\n<p>Denn queere Befreiung war nie ein Projekt des Einzelnen.<br>Sie war immer ein kollektiver Aufbruch.<\/p>\n\n\n\n<p>Vielleicht ist es Zeit, nicht neue Flaggen zu erfinden,<br>sondern die Bedeutung der alten wiederzubeleben.<\/p>\n\n\n\n<p>Und uns daran zu erinnern:<br>Wir sind viele \u2013 aber nicht allein.<\/p>\n\n\n\n<p>Radio QueerLive<br>Die Redaktion<\/p>\n","protected":false},"excerpt":{"rendered":"<div class=\"mh-excerpt\">\u00dcber Solidarit\u00e4t, Sichtbarkeit und das Auseinanderdriften unter dem Regenbogen\u201c Die queere Community gilt als Symbol f\u00fcr Vielfalt, Zusammenhalt und gemeinsamen Widerstand. \u00dcber Jahrzehnte hinweg wurde Sichtbarkeit erk\u00e4mpft, Anerkennung erstritten, Schutz gefordert.Man stand zusammen \u2013 gegen <a class=\"mh-excerpt-more\" href=\"https:\/\/www.queerlive.de\/?p=858\" title=\"Eine Community zersplittert?\">[&#8230;]<\/a><\/div>\n","protected":false},"author":1,"featured_media":859,"comment_status":"closed","ping_status":"open","sticky":false,"template":"","format":"standard","meta":{"_coblocks_attr":"","_coblocks_dimensions":"","_coblocks_responsive_height":"","_coblocks_accordion_ie_support":"","footnotes":""},"categories":[24],"tags":[],"class_list":["post-858","post","type-post","status-publish","format-standard","has-post-thumbnail","category-community"],"_links":{"self":[{"href":"https:\/\/www.queerlive.de\/index.php?rest_route=\/wp\/v2\/posts\/858","targetHints":{"allow":["GET"]}}],"collection":[{"href":"https:\/\/www.queerlive.de\/index.php?rest_route=\/wp\/v2\/posts"}],"about":[{"href":"https:\/\/www.queerlive.de\/index.php?rest_route=\/wp\/v2\/types\/post"}],"author":[{"embeddable":true,"href":"https:\/\/www.queerlive.de\/index.php?rest_route=\/wp\/v2\/users\/1"}],"replies":[{"embeddable":true,"href":"https:\/\/www.queerlive.de\/index.php?rest_route=%2Fwp%2Fv2%2Fcomments&post=858"}],"version-history":[{"count":1,"href":"https:\/\/www.queerlive.de\/index.php?rest_route=\/wp\/v2\/posts\/858\/revisions"}],"predecessor-version":[{"id":860,"href":"https:\/\/www.queerlive.de\/index.php?rest_route=\/wp\/v2\/posts\/858\/revisions\/860"}],"wp:featuredmedia":[{"embeddable":true,"href":"https:\/\/www.queerlive.de\/index.php?rest_route=\/wp\/v2\/media\/859"}],"wp:attachment":[{"href":"https:\/\/www.queerlive.de\/index.php?rest_route=%2Fwp%2Fv2%2Fmedia&parent=858"}],"wp:term":[{"taxonomy":"category","embeddable":true,"href":"https:\/\/www.queerlive.de\/index.php?rest_route=%2Fwp%2Fv2%2Fcategories&post=858"},{"taxonomy":"post_tag","embeddable":true,"href":"https:\/\/www.queerlive.de\/index.php?rest_route=%2Fwp%2Fv2%2Ftags&post=858"}],"curies":[{"name":"wp","href":"https:\/\/api.w.org\/{rel}","templated":true}]}}