{"id":861,"date":"2025-06-04T14:00:00","date_gmt":"2025-06-04T12:00:00","guid":{"rendered":"http:\/\/2025.queerlive.de\/?p=861"},"modified":"2025-06-04T10:18:34","modified_gmt":"2025-06-04T08:18:34","slug":"vom-protest-zur-party","status":"publish","type":"post","link":"https:\/\/www.queerlive.de\/?p=861","title":{"rendered":"Vom Protest zur Party"},"content":{"rendered":"\n<p>Und dann?<\/p>\n\n\n\n<p>Der CSD zum Beispiel war einmal ein radikaler Akt des Widerstands.<br>Heute ist er f\u00fcr viele nur noch ein Event \u2013 eine B\u00fchne f\u00fcr Selfies, Glitter, Marken, Dating-Apps und Konsum.<br>Nicht falsch \u2013 aber nicht alles.<\/p>\n\n\n\n<p>Wo fr\u00fcher Schilder getragen wurden, werden heute Cocktails getragen.<br>Wo fr\u00fcher Aktivismus war, ist heute Entertainment.<br>Und das Tragische daran:<br>Viele queere Menschen profitieren von Rechten, f\u00fcr die sie selbst nie gek\u00e4mpft haben \u2013 und zeigen daf\u00fcr auch keine Verantwortung.<\/p>\n\n\n\n<ul class=\"wp-block-list\">\n<li>&#8222;Ich hab doch nichts gegen Politik \u2013 aber muss das immer sein?&#8220;<\/li>\n\n\n\n<li>&#8222;K\u00f6nnen wir nicht einfach feiern, ohne diese ganzen Debattenthemen?&#8220;<\/li>\n\n\n\n<li>&#8222;Ich leb mein Leben, das ist doch auch Aktivismus.&#8220;<\/li>\n<\/ul>\n\n\n\n<p>Nein!<\/p>\n\n\n\n<p>Rechte, die nicht verteidigt werden, sind irgendwann wieder weg.<br>Und gerade jetzt \u2013 in einer Zeit, in der rechte Bewegungen europaweit erstarken, in der queere Menschen wieder vermehrt angegriffen, beleidigt, pathologisiert werden \u2013 braucht es keine blo\u00dfen Konsument*innen, sondern Menschen, die Verantwortung \u00fcbernehmen.<\/p>\n\n\n\n<p>Solidarit\u00e4t ist kein Service \u2013<br>sie ist eine Entscheidung<\/p>\n\n\n\n<p>Was vielen nicht klar ist:<br>Die queere Bewegung lebt nicht von dem, was sie hat. Sie lebt von dem, was sie tut.<\/p>\n\n\n\n<p>Wer heute queer lebt \u2013 sicher, frei, sichtbar \u2013 tut das, weil Menschen vor ihm\/ihr\/en sich geopfert, gewehrt, aufgelehnt haben.<br>Daf\u00fcr wurden Existenzen zerst\u00f6rt, Familien verloren, Gewalt erlebt, Menschen umgebracht.<\/p>\n\n\n\n<p>Und was machen wir heute?<br>Scrollen am Stra\u00dfenrand.<br>Beschweren uns \u00fcber \u201ezu viel Politik\u201c.<br>Feiern uns selbst \u2013 und lassen die k\u00e4mpfen, die sich f\u00fcr uns einsetzen.<\/p>\n\n\n\n<p>Nat\u00fcrlich darf queeres Leben auch Spa\u00df machen.<br>Nat\u00fcrlich d\u00fcrfen wir tanzen, lachen, feiern.<br>Aber nicht nur.<\/p>\n\n\n\n<p>Denn wenn wir anfangen, queere Freiheit nur noch zu konsumieren,<br>ohne ihre Wurzeln zu ehren,<br>ohne sie aktiv zu sch\u00fctzen,<br>dann sind wir keine Community mehr.<br>Dann sind wir ein Markt.<\/p>\n\n\n\n<p>Ein letzter Gedanke:<br>Was tun?<\/p>\n\n\n\n<p>Vielleicht brauchen wir eine neue Kultur der Erinnerung und Beteiligung:<\/p>\n\n\n\n<ul class=\"wp-block-list\">\n<li>Erinnerung an die K\u00e4mpfe, auf denen unsere Freiheiten beruhen.<\/li>\n\n\n\n<li>Beteiligung an aktuellen Debatten, Demos, Organisationen.<\/li>\n\n\n\n<li>Respekt vor den Menschen, die heute noch ihre Energie in queeren Aktivismus stecken.<\/li>\n\n\n\n<li>Wachsamkeit, wenn rechte Kr\u00e4fte wieder \u201eTradition\u201c \u00fcber Vielfalt stellen wollen.<\/li>\n\n\n\n<li>Und vor allem: Mut, das \u201eWir\u201c wieder vor das \u201eIch\u201c zu stellen.<\/li>\n<\/ul>\n\n\n\n<p>Wir danken allen Menschen, die sich an irgendeiner Stelle f\u00fcr die Community ehrenamtlich engagieren.<\/p>\n\n\n\n<p>Danke<\/p>\n\n\n\n<p>Allen Anderen sagen wir: es ist nie zu sp\u00e4t.<\/p>\n\n\n\n<p>Radio QueerLive<br>Die Redaktion<\/p>\n","protected":false},"excerpt":{"rendered":"<div class=\"mh-excerpt\">Und dann? Der CSD zum Beispiel war einmal ein radikaler Akt des Widerstands.Heute ist er f\u00fcr viele nur noch ein Event \u2013 eine B\u00fchne f\u00fcr Selfies, Glitter, Marken, Dating-Apps und Konsum.Nicht falsch \u2013 aber nicht <a class=\"mh-excerpt-more\" href=\"https:\/\/www.queerlive.de\/?p=861\" title=\"Vom Protest zur Party\">[&#8230;]<\/a><\/div>\n","protected":false},"author":1,"featured_media":862,"comment_status":"closed","ping_status":"open","sticky":false,"template":"","format":"standard","meta":{"_coblocks_attr":"","_coblocks_dimensions":"","_coblocks_responsive_height":"","_coblocks_accordion_ie_support":"","footnotes":""},"categories":[24],"tags":[],"class_list":["post-861","post","type-post","status-publish","format-standard","has-post-thumbnail","category-community"],"_links":{"self":[{"href":"https:\/\/www.queerlive.de\/index.php?rest_route=\/wp\/v2\/posts\/861","targetHints":{"allow":["GET"]}}],"collection":[{"href":"https:\/\/www.queerlive.de\/index.php?rest_route=\/wp\/v2\/posts"}],"about":[{"href":"https:\/\/www.queerlive.de\/index.php?rest_route=\/wp\/v2\/types\/post"}],"author":[{"embeddable":true,"href":"https:\/\/www.queerlive.de\/index.php?rest_route=\/wp\/v2\/users\/1"}],"replies":[{"embeddable":true,"href":"https:\/\/www.queerlive.de\/index.php?rest_route=%2Fwp%2Fv2%2Fcomments&post=861"}],"version-history":[{"count":1,"href":"https:\/\/www.queerlive.de\/index.php?rest_route=\/wp\/v2\/posts\/861\/revisions"}],"predecessor-version":[{"id":863,"href":"https:\/\/www.queerlive.de\/index.php?rest_route=\/wp\/v2\/posts\/861\/revisions\/863"}],"wp:featuredmedia":[{"embeddable":true,"href":"https:\/\/www.queerlive.de\/index.php?rest_route=\/wp\/v2\/media\/862"}],"wp:attachment":[{"href":"https:\/\/www.queerlive.de\/index.php?rest_route=%2Fwp%2Fv2%2Fmedia&parent=861"}],"wp:term":[{"taxonomy":"category","embeddable":true,"href":"https:\/\/www.queerlive.de\/index.php?rest_route=%2Fwp%2Fv2%2Fcategories&post=861"},{"taxonomy":"post_tag","embeddable":true,"href":"https:\/\/www.queerlive.de\/index.php?rest_route=%2Fwp%2Fv2%2Ftags&post=861"}],"curies":[{"name":"wp","href":"https:\/\/api.w.org\/{rel}","templated":true}]}}