{"id":868,"date":"2025-06-04T11:40:55","date_gmt":"2025-06-04T09:40:55","guid":{"rendered":"http:\/\/2025.queerlive.de\/?p=868"},"modified":"2025-06-04T12:22:11","modified_gmt":"2025-06-04T10:22:11","slug":"868","status":"publish","type":"post","link":"https:\/\/www.queerlive.de\/?p=868","title":{"rendered":"Livesendung vom Stadtfest 2025"},"content":{"rendered":"\n<p><strong>QueerLive sendet wieder vom Lesbisch-Schwulen Stadtfest Berlin<\/strong><\/p>\n\n\n\n<p>Wenn sich die Motzstra\u00dfe in Berlin-Sch\u00f6neberg in ein buntes Meer aus Regenbogenfahnen, Musik und Lebensfreude verwandelt, dann ist es wieder so weit: Das Lesbisch-Schwule Stadtfest steht vor der T\u00fcr. Am dritten Juli-Wochenende wird das queere Herz der Hauptstadt erneut zum Zentrum Europas. Das traditionsreiche Fest gilt als eines der gr\u00f6\u00dften seiner Art auf dem Kontinent \u2013 und zieht Jahr f\u00fcr Jahr \u00fcber 350.000 Besucher<em>innen an. Nicht nur Berliner<\/em>innen feiern hier gemeinsam Vielfalt, Sichtbarkeit und Solidarit\u00e4t, sondern auch zahlreiche G\u00e4ste aus dem gesamten Bundesgebiet und aus dem Ausland reisen f\u00fcr dieses besondere Event an.<\/p>\n\n\n\n<p>Mitten im Geschehen: <strong>QueerLive<\/strong>, das auch in diesem Jahr wieder <strong>live vom Stadtfest<\/strong> senden wird. Am <strong>Samstag und Sonntag<\/strong>, dem 19. und 20. Juli, \u00fcbertr\u00e4gt das Team direkt vom Festgel\u00e4nde in Sch\u00f6neberg \u2013 mit Gespr\u00e4chen, Live-Atmosph\u00e4re und jeder Menge Musik. Bereits in den vergangenen Jahren war die Pr\u00e4senz des Senders ein echter Publikumsmagnet. Mit Interviews, Hintergrundberichten und direktem Austausch mit dem feiernden Publikum bringt QueerLive das einzigartige Flair des Festes zu seinen H\u00f6rer*innen \u2013 ob in Berlin, Kiel oder dar\u00fcber hinaus.<\/p>\n\n\n\n<p>\u201eDas Lesbisch-Schwule Stadtfest ist mehr als nur eine Feier \u2013 es ist ein politisches Statement und ein Ort des Zusammenkommens\u201c, sagt die Redaktion. Genau dieses Gef\u00fchl m\u00f6chte der Sender auch in diesem Jahr wieder einfangen: Lebensfreude, Sichtbarkeit und Zusammenhalt \u2013 live und ungeschminkt.<\/p>\n\n\n\n<figure class=\"wp-block-table aligncenter\"><table class=\"has-fixed-layout\"><tbody><tr><td><\/td><td class=\"has-text-align-center\" data-align=\"center\">Samstag Alex Berlin<\/td><td class=\"has-text-align-center\" data-align=\"center\">Samstag: QL Livestream<\/td><td class=\"has-text-align-center\" data-align=\"center\">Sonntag: Alex Berlin<\/td><td class=\"has-text-align-center\" data-align=\"center\">Sonntag: QL Livestream<\/td><\/tr><tr><td>14.00<\/td><td class=\"has-text-align-center\" data-align=\"center\"><\/td><td class=\"has-text-align-center\" data-align=\"center\">\ud83d\udcdf<\/td><td class=\"has-text-align-center\" data-align=\"center\">\ud83d\udcdf<\/td><td class=\"has-text-align-center\" data-align=\"center\">\ud83d\udcdf<\/td><\/tr><tr><td>15.00<\/td><td class=\"has-text-align-center\" data-align=\"center\"><\/td><td class=\"has-text-align-center\" data-align=\"center\">\ud83d\udcdf<\/td><td class=\"has-text-align-center\" data-align=\"center\">\ud83d\udcdf<\/td><td class=\"has-text-align-center\" data-align=\"center\">\ud83d\udcdf<\/td><\/tr><tr><td>16.00<\/td><td class=\"has-text-align-center\" data-align=\"center\">\ud83d\udcdf<\/td><td class=\"has-text-align-center\" data-align=\"center\">\ud83d\udcdf<\/td><td class=\"has-text-align-center\" data-align=\"center\">\ud83d\udcdf<\/td><td class=\"has-text-align-center\" data-align=\"center\">\ud83d\udcdf<\/td><\/tr><tr><td>17:00<\/td><td class=\"has-text-align-center\" data-align=\"center\">\ud83d\udcdf<\/td><td class=\"has-text-align-center\" data-align=\"center\">\ud83d\udcdf<\/td><td class=\"has-text-align-center\" data-align=\"center\">\ud83d\udcdf<\/td><td class=\"has-text-align-center\" data-align=\"center\">\ud83d\udcdf<\/td><\/tr><tr><td>18:00<\/td><td class=\"has-text-align-center\" data-align=\"center\">\ud83d\udcdf<\/td><td class=\"has-text-align-center\" data-align=\"center\">\ud83d\udcdf<\/td><td class=\"has-text-align-center\" data-align=\"center\">\ud83d\udcdf<\/td><td class=\"has-text-align-center\" data-align=\"center\">\ud83d\udcdf<\/td><\/tr><tr><td>19.00<\/td><td class=\"has-text-align-center\" data-align=\"center\">\ud83d\udcdf<\/td><td class=\"has-text-align-center\" data-align=\"center\">\ud83d\udcdf<\/td><td class=\"has-text-align-center\" data-align=\"center\">\ud83d\udcdf<\/td><td class=\"has-text-align-center\" data-align=\"center\">\ud83d\udcdf<\/td><\/tr><\/tbody><\/table><\/figure>\n\n\n\n<p>Unser Radio (\ud83d\udcdf) zeigt euch genau, wann ihr uns wo live empfangen k\u00f6nnt. <br><\/p>\n\n\n\n<img loading=\"lazy\" decoding=\"async\" width=\"2048\" height=\"1536\" class=\"gb-media-b03d4ec1\" alt=\"\" src=\"http:\/\/2025.queerlive.de\/wp-content\/uploads\/2025\/06\/490035261_1227283679401974_6207562958472647291_n.avif\" title=\"490035261_1227283679401974_6207562958472647291_n\" srcset=\"https:\/\/www.queerlive.de\/wp-content\/uploads\/2025\/06\/490035261_1227283679401974_6207562958472647291_n.avif 2048w, https:\/\/www.queerlive.de\/wp-content\/uploads\/2025\/06\/490035261_1227283679401974_6207562958472647291_n-300x225.avif 300w, https:\/\/www.queerlive.de\/wp-content\/uploads\/2025\/06\/490035261_1227283679401974_6207562958472647291_n-1024x768.avif 1024w, https:\/\/www.queerlive.de\/wp-content\/uploads\/2025\/06\/490035261_1227283679401974_6207562958472647291_n-768x576.avif 768w, https:\/\/www.queerlive.de\/wp-content\/uploads\/2025\/06\/490035261_1227283679401974_6207562958472647291_n-1536x1152.avif 1536w, https:\/\/www.queerlive.de\/wp-content\/uploads\/2025\/06\/490035261_1227283679401974_6207562958472647291_n-678x509.avif 678w, https:\/\/www.queerlive.de\/wp-content\/uploads\/2025\/06\/490035261_1227283679401974_6207562958472647291_n-326x245.avif 326w, https:\/\/www.queerlive.de\/wp-content\/uploads\/2025\/06\/490035261_1227283679401974_6207562958472647291_n-80x60.avif 80w\" sizes=\"auto, (max-width: 2048px) 100vw, 2048px\" \/>\n\n\n\n<p><br><strong>Unsere Server<\/strong><br>Radio QueerLive sendet auf allen Streamservern am Samstag und Sonntag zwischen 14:00 und 20:00 Uhr. <br><strong><br>Alex Berlin<\/strong><br>Im Programm von Alex Berlin k\u00f6nnt ihr uns am Samstag zwischen 16:00 und 20:00 Uhr sowie am Sonntag zwischen 14:00 und 20:00 Uhr empfangen.<br><br>Antenne, Berlin: 91,0 MHz<br>Kabel: 92,6<br>DAB: 7D<br>Stream: www.queerlive.de<br><\/p>\n\n\n\n<p>Alle Streamserver findet ihr oben in der Liste oder ihr klickt ganz einfach rechts in unser Radio.<br><\/p>\n\n\n\n<p>Radio QueerLive &#8211; Vor Ort<br><br>Auf dem schwullesbischen Stadtfest sind wir der Infopunkt 2. <br>Ihr findet uns in der Kalckreuthstr. 9, mitten auf dem Stadtfest-Areal.<br><br><\/p>\n\n\n\n<p><\/p>\n","protected":false},"excerpt":{"rendered":"<div class=\"mh-excerpt\">QueerLive sendet wieder vom Lesbisch-Schwulen Stadtfest Berlin Wenn sich die Motzstra\u00dfe in Berlin-Sch\u00f6neberg in ein buntes Meer aus Regenbogenfahnen, Musik und Lebensfreude verwandelt, dann ist es wieder so weit: Das Lesbisch-Schwule Stadtfest steht vor der <a class=\"mh-excerpt-more\" href=\"https:\/\/www.queerlive.de\/?p=868\" title=\"Livesendung vom Stadtfest 2025\">[&#8230;]<\/a><\/div>\n","protected":false},"author":1,"featured_media":877,"comment_status":"closed","ping_status":"open","sticky":false,"template":"","format":"standard","meta":{"_coblocks_attr":"","_coblocks_dimensions":"","_coblocks_responsive_height":"","_coblocks_accordion_ie_support":"","footnotes":""},"categories":[24],"tags":[],"class_list":["post-868","post","type-post","status-publish","format-standard","has-post-thumbnail","category-community"],"_links":{"self":[{"href":"https:\/\/www.queerlive.de\/index.php?rest_route=\/wp\/v2\/posts\/868","targetHints":{"allow":["GET"]}}],"collection":[{"href":"https:\/\/www.queerlive.de\/index.php?rest_route=\/wp\/v2\/posts"}],"about":[{"href":"https:\/\/www.queerlive.de\/index.php?rest_route=\/wp\/v2\/types\/post"}],"author":[{"embeddable":true,"href":"https:\/\/www.queerlive.de\/index.php?rest_route=\/wp\/v2\/users\/1"}],"replies":[{"embeddable":true,"href":"https:\/\/www.queerlive.de\/index.php?rest_route=%2Fwp%2Fv2%2Fcomments&post=868"}],"version-history":[{"count":9,"href":"https:\/\/www.queerlive.de\/index.php?rest_route=\/wp\/v2\/posts\/868\/revisions"}],"predecessor-version":[{"id":884,"href":"https:\/\/www.queerlive.de\/index.php?rest_route=\/wp\/v2\/posts\/868\/revisions\/884"}],"wp:featuredmedia":[{"embeddable":true,"href":"https:\/\/www.queerlive.de\/index.php?rest_route=\/wp\/v2\/media\/877"}],"wp:attachment":[{"href":"https:\/\/www.queerlive.de\/index.php?rest_route=%2Fwp%2Fv2%2Fmedia&parent=868"}],"wp:term":[{"taxonomy":"category","embeddable":true,"href":"https:\/\/www.queerlive.de\/index.php?rest_route=%2Fwp%2Fv2%2Fcategories&post=868"},{"taxonomy":"post_tag","embeddable":true,"href":"https:\/\/www.queerlive.de\/index.php?rest_route=%2Fwp%2Fv2%2Ftags&post=868"}],"curies":[{"name":"wp","href":"https:\/\/api.w.org\/{rel}","templated":true}]}}